{"id":48402,"date":"2019-02-08T16:12:07","date_gmt":"2019-02-08T16:12:07","guid":{"rendered":"https:\/\/colimdo.org\/?p=48402"},"modified":"2019-02-08T16:12:07","modified_gmt":"2019-02-08T16:12:07","slug":"rd-sera-sede-asambleas-concencaba-confederacion-baloncesto-del-caribe","status":"publish","type":"post","link":"https:\/\/colimdo.org\/noticias\/rd-sera-sede-asambleas-concencaba-confederacion-baloncesto-del-caribe\/","title":{"rendered":"RD ser\u00e1 sede de asambleas de Concencaba y Confederaci\u00f3n\u00a0de Baloncesto del Caribe"},"content":{"rendered":"<p class=\"x_MsoNormal\">SANTO DOMINGO. La Rep\u00fablica Dominicana ser\u00e1 sede durante el fin de semana de dos importantes eventos concernientes al baloncesto Centroamericano y del Caribe.<\/p>\n<p class=\"x_MsoNormal\">Durante este s\u00e1bado 9 y domingo 10, desde las 9:00 de la ma\u00f1ana, se celebrar\u00e1n, con la integraci\u00f3n de 30 pa\u00edses, las Asambleas Generales Ordinarias y Eleccionarias de la Confederaci\u00f3n Centroamericana y del Caribe (Concencaba) y de la Confederaci\u00f3n\u00a0 de Baloncesto del Caribe (CBC), respectivamente, en el hotel Emotion, del municipio de Juan Dolio, en San Pedro de Macor\u00eds.<\/p>\n<p class=\"x_MsoNormal\">\u00a0La informaci\u00f3n la suministr\u00f3 el ingeniero Rafael Uribe, presidente de la Federaci\u00f3n Dominicana de Baloncesto (Fedombal), quien funge de anfitri\u00f3n de ambos c\u00f3nclaves.<\/p>\n<p class=\"x_MsoNormal\">Uribe adelant\u00f3 que las dos actividades contar\u00e1n con la presencia de las principales autoridades del basket mundial y continental como lo son el presidente de Fiba Internacional, el argentino Horacio Muratore, y el presidente de Fiba en Am\u00e9rica, Usie Richards, de Islas V\u00edrgenes.<\/p>\n<p class=\"x_MsoNormal\">\u00a0As\u00ed como, el portugu\u00e9s Andreas Zagklis, el nuevo secretario general de Fiba; el brasile\u00f1o Carlos Alves, director ejecutivo de Fiba en Am\u00e9rica; el cubano Ruperto Herrera y Glyne Clarke, de Barbados, respectivos presidentes de Concencaba y la CBC.<\/p>\n<p class=\"x_MsoNormal\">Uribe dijo que todas estas personalidades tendr\u00e1n importantes intervenciones dentro de las Asambleas Generales y Eleccionarias tanto de la Concencaba como de la CBC, cuyos presidentes rendir\u00e1n un informe de gesti\u00f3n.<\/p>\n<p class=\"x_MsoNormal\"><b>Aspiran a presidentes<\/b><\/p>\n<p class=\"x_MsoNormal\">El dominicano Rafael Uribe revel\u00f3 que a la Concencaba y la CBC aspiran varios presidentes de Federaciones Nacionales.<\/p>\n<p class=\"x_MsoNormal\">A la Concencaba buscan la presidencia Jamell Bukele, de El Salvador, y Marcela Mej\u00eda, de Nicaragua.<\/p>\n<p class=\"x_MsoNormal\">Mientras que para la CBC aspiran Glyne Clarke y Patrick Heinz.<\/p>\n","protected":false},"excerpt":{"rendered":"<p>Rafael Uribe, presidente de Fedombal, inform\u00f3 que la federaci\u00f3n acoger\u00e1 el fin de semana a 30 pa\u00edses en Juan Dolio, donde ser\u00e1n escogidos los presidentes de ambos organismos del baloncesto regional.<\/p>\n","protected":false},"author":16,"featured_media":48403,"comment_status":"closed","ping_status":"closed","sticky":false,"template":"","format":"standard","meta":[],"categories":[2,60],"tags":[],"acf":[],"_links":{"self":[{"href":"https:\/\/colimdo.org\/wp-api\/wp\/v2\/posts\/48402"}],"collection":[{"href":"https:\/\/colimdo.org\/wp-api\/wp\/v2\/posts"}],"about":[{"href":"https:\/\/colimdo.org\/wp-api\/wp\/v2\/types\/post"}],"author":[{"embeddable":true,"href":"https:\/\/colimdo.org\/wp-api\/wp\/v2\/users\/16"}],"replies":[{"embeddable":true,"href":"https:\/\/colimdo.org\/wp-api\/wp\/v2\/comments?post=48402"}],"version-history":[{"count":1,"href":"https:\/\/colimdo.org\/wp-api\/wp\/v2\/posts\/48402\/revisions"}],"predecessor-version":[{"id":48404,"href":"https:\/\/colimdo.org\/wp-api\/wp\/v2\/posts\/48402\/revisions\/48404"}],"wp:featuredmedia":[{"embeddable":true,"href":"https:\/\/colimdo.org\/wp-api\/wp\/v2\/media\/48403"}],"wp:attachment":[{"href":"https:\/\/colimdo.org\/wp-api\/wp\/v2\/media?parent=48402"}],"wp:term":[{"taxonomy":"category","embeddable":true,"href":"https:\/\/colimdo.org\/wp-api\/wp\/v2\/categories?post=48402"},{"taxonomy":"post_tag","embeddable":true,"href":"https:\/\/colimdo.org\/wp-api\/wp\/v2\/tags?post=48402"}],"curies":[{"name":"wp","href":"https:\/\/api.w.org\/{rel}","templated":true}]}}