{"id":48405,"date":"2019-02-08T16:53:40","date_gmt":"2019-02-08T16:53:40","guid":{"rendered":"https:\/\/colimdo.org\/?p=48405"},"modified":"2019-02-08T16:53:40","modified_gmt":"2019-02-08T16:53:40","slug":"pele-muestra-tristeza-muerte-jovenes-incendio-del-club-flamengo","status":"publish","type":"post","link":"https:\/\/colimdo.org\/noticias\/pele-muestra-tristeza-muerte-jovenes-incendio-del-club-flamengo\/","title":{"rendered":"Pel\u00e9 muestra su tristeza por muerte de j\u00f3venes en incendio del club Flamengo"},"content":{"rendered":"<p class=\"canvas-atom canvas-text Mb(1.0em) Mb(0)--sm Mt(0.8em)--sm\">Sao Paulo, 8 feb (EFE).- Edson Arantes do Nascimento &#8216;Pel\u00e9&#8217;, para muchos el mejor jugador de la historia, lament\u00f3 la muerte de diez j\u00f3venes en un incendio ocurrido este viernes en una sede del club Flamengo y afirm\u00f3 que &#8220;es un d\u00eda muy triste para el deporte brasile\u00f1o&#8221;.<\/p>\n<p class=\"canvas-atom canvas-text Mb(1.0em) Mb(0)--sm Mt(0.8em)--sm\">La leyenda del f\u00fatbol mundial se pronunci\u00f3 a trav\u00e9s de sus redes sociales, en las que manifest\u00f3 su dolor por la tragedia ocurrida &#8220;en un lugar donde los j\u00f3venes persiguen sus sue\u00f1os&#8221;.<\/p>\n<p class=\"canvas-atom canvas-text Mb(1.0em) Mb(0)--sm Mt(0.8em)--sm\">El desastre ocurri\u00f3 esta madrugada en el Centro de Entrenamiento del club m\u00e1s popular del pa\u00eds, situado en la zona oeste de R\u00edo de Janeiro, y, seg\u00fan las primeras informaciones oficiales, las v\u00edctimas pertenec\u00edan a las divisiones inferiores del equipo.<\/p>\n<p class=\"canvas-atom canvas-text Mb(1.0em) Mb(0)--sm Mt(0.8em)--sm\">Las llamas se desataron en uno de los alojamientos del llamado Ninho do Urubu, donde dorm\u00edan jugadores de la base del Flamengo, todos menores de 18 a\u00f1os.<\/p>\n<p class=\"canvas-atom canvas-text Mb(1.0em) Mb(0)--sm Mt(0.8em)--sm\">Los equipos de bomberos han controlado el incendio, pero a\u00fan no han podido establecer las causas del desastre.<\/p>\n<p class=\"canvas-atom canvas-text Mb(1.0em) Mb(0)--sm Mt(0.8em)--sm\">La tragedia ocurri\u00f3 un d\u00eda despu\u00e9s de que R\u00edo de Janeiro sufri\u00f3 con un fuerte temporal de lluvia y viento que caus\u00f3 seis muertos, inundaciones, deslizamientos de tierra y la ca\u00edda de unos 170 \u00e1rboles, as\u00ed como dej\u00f3 decenas de veh\u00edculos destrozados.<\/p>\n<p class=\"canvas-atom canvas-text Mb(1.0em) Mb(0)--sm Mt(0.8em)--sm\">La zona oeste, donde se encuentra el centro de entrenamiento del Flamengo, fue una de las m\u00e1s afectadas por esa tempestad.<\/p>\n<p class=\"canvas-atom canvas-text Mb(1.0em) Mb(0)--sm Mt(0.8em)--sm\">El suceso ha despertado al solidaridad del mundo del f\u00fatbol, que en el propio Brasil y alrededor de todo el planeta ha expresado su pesar por la tragedia sufrida por el que es el club m\u00e1s popular del pa\u00eds.<\/p>\n","protected":false},"excerpt":{"rendered":"<p>El hist\u00f3rico futbolista quien expres\u00f3 su dolor por lo ocurrido, afirm\u00f3 que &#8220;es un d\u00eda muy triste para el deporte brasile\u00f1o&#8221;.<\/p>\n","protected":false},"author":16,"featured_media":48406,"comment_status":"closed","ping_status":"closed","sticky":false,"template":"","format":"standard","meta":[],"categories":[2,60],"tags":[],"acf":[],"_links":{"self":[{"href":"https:\/\/colimdo.org\/wp-api\/wp\/v2\/posts\/48405"}],"collection":[{"href":"https:\/\/colimdo.org\/wp-api\/wp\/v2\/posts"}],"about":[{"href":"https:\/\/colimdo.org\/wp-api\/wp\/v2\/types\/post"}],"author":[{"embeddable":true,"href":"https:\/\/colimdo.org\/wp-api\/wp\/v2\/users\/16"}],"replies":[{"embeddable":true,"href":"https:\/\/colimdo.org\/wp-api\/wp\/v2\/comments?post=48405"}],"version-history":[{"count":1,"href":"https:\/\/colimdo.org\/wp-api\/wp\/v2\/posts\/48405\/revisions"}],"predecessor-version":[{"id":48407,"href":"https:\/\/colimdo.org\/wp-api\/wp\/v2\/posts\/48405\/revisions\/48407"}],"wp:featuredmedia":[{"embeddable":true,"href":"https:\/\/colimdo.org\/wp-api\/wp\/v2\/media\/48406"}],"wp:attachment":[{"href":"https:\/\/colimdo.org\/wp-api\/wp\/v2\/media?parent=48405"}],"wp:term":[{"taxonomy":"category","embeddable":true,"href":"https:\/\/colimdo.org\/wp-api\/wp\/v2\/categories?post=48405"},{"taxonomy":"post_tag","embeddable":true,"href":"https:\/\/colimdo.org\/wp-api\/wp\/v2\/tags?post=48405"}],"curies":[{"name":"wp","href":"https:\/\/api.w.org\/{rel}","templated":true}]}}