{"id":48412,"date":"2019-02-08T19:12:35","date_gmt":"2019-02-08T19:12:35","guid":{"rendered":"https:\/\/colimdo.org\/?p=48412"},"modified":"2019-02-08T19:12:35","modified_gmt":"2019-02-08T19:12:35","slug":"judocas-rd-compiten-desde-este-sabado-grand-slam-francia","status":"publish","type":"post","link":"https:\/\/colimdo.org\/noticias\/judocas-rd-compiten-desde-este-sabado-grand-slam-francia\/","title":{"rendered":"Judocas de RD compiten desde este s\u00e1bado en Grand Slam de Francia"},"content":{"rendered":"<p><b><span lang=\"ES-DO\">SANTO DOMINGO<\/span><\/b><span lang=\"ES-DO\">. Ana Rosa, Medickson del Orbe, Robert Florentino, Jos\u00e9 Nova y Lewis Medina competir\u00e1n desde este s\u00e1bado en el Grand Slam de Judo en Par\u00eds, Francia.<\/span><\/p>\n<p><span lang=\"ES-DO\">La representaci\u00f3n dominicana, que entrena en Valencia, Espa\u00f1a, tiene el apoyo del Grupo Creando Sue\u00f1os Ol\u00edmpicos (Creso) y la Federaci\u00f3n Internacional de Judo (FIJ).<\/span><\/p>\n<p><span lang=\"ES-DO\">El Grand Slam de Judo Francia 2019, que reparte puntos para los Juegos Ol\u00edmpicos de Tokio, Jap\u00f3n 2020, acoge a 573 atletas de 97 pa\u00edses de los cinco continentes.<\/span><\/p>\n<p><span lang=\"ES-DO\">En menos 57 kilos, Ana Rosa competir\u00e1 este s\u00e1bado desde las 9:00 de la ma\u00f1ana (hora dominicana) ante\u00a0Ichinkhorloo Munkhtsedev, de Azerbaiy\u00e1n, en combate del Grupo C.<\/span><\/p>\n<p><span lang=\"ES-DO\">Para la jornada del domingo, entrar\u00e1 en acci\u00f3n la rama masculina. Medickson del Orbe, en menos 81 kilos, tendr\u00e1 de frente en su primera pelea al ucraniano Sergii Krivchach, mientras que Robert Florentino, en menos 90 kilos, competir\u00e1 con Noel Van T End, de Holanda, en el Grupo C.<\/span><\/p>\n<p><span lang=\"ES-DO\">En menos 100 kilos, Jos\u00e9 Nova enfrentar\u00e1 al ganador de la pelea que disputar\u00e1n Adilkhan Kozybayev, de Kazajist\u00e1n, y Michal Horak, de Checoslovaquia, en el Grupo A, en tanto que el pool C, el tambi\u00e9n dominicano Lewis Medina pelear\u00e1 con Koffi Kreme Kobena, de Costa de Marfil.<\/span><\/p>\n<p><span lang=\"ES-DO\">Adem\u00e1s de los atletas, tambi\u00e9n integra la delegaci\u00f3n Manuel Ram\u00edrez, como entrenador. En el certamen tomar\u00e1 parte adem\u00e1s el \u00e1rbitro Orlando Cruz Cruz, quien ha sido invitado por la FIJ.<\/span><\/p>\n<p><b><span lang=\"ES-DO\">FEDOJUDO HAR\u00c0 CURSO PARA MONITORES<\/span><\/b><\/p>\n<p><span lang=\"ES-DO\">La Federaci\u00f3n Dominicana de Judo (Fedojudo) celebrar\u00e1 desde este s\u00e1bado, el IX Curso para Monitores de Judo que trabajan en los centros educativos de tanda extendida en los municipios.<\/span><\/p>\n<p><span lang=\"ES-DO\">El acto de inauguraci\u00f3n del curso, que cuenta con el apoyo del Ministerio de Deportes, est\u00e1 pautado para las 11:00 de la ma\u00f1ana en el sal\u00f3n de reuniones de la Fedojudo.<\/span><\/p>\n<p><span lang=\"ES-DO\">El encuentro de capacitaci\u00f3n tiene como objetivo la actualizaci\u00f3n de las nuevas reglas del judo y tendr\u00e1 facilitadores que participaron en los cursos Nivel I y II que se llevaron a cabo las \u00faltimas dos semanas en el Albergue Ol\u00edmpico.<\/span><\/p>\n<p><span lang=\"ES-DO\">Las sesiones de trabajo, que inician desde las 7:00 de la ma\u00f1ana, arrancar\u00e1n con la parte te\u00f3rica Fundamentos de la metodolog\u00eda de la ense\u00f1anza de las t\u00e9cnicas de control e incluir\u00e1 adem\u00e1s la parte pr\u00e1ctica.<\/span><\/p>\n","protected":false},"excerpt":{"rendered":"<p>Fedojudo har\u00e1 curso para monitores escolares.<\/p>\n","protected":false},"author":16,"featured_media":48413,"comment_status":"closed","ping_status":"closed","sticky":false,"template":"","format":"standard","meta":[],"categories":[2,60],"tags":[],"acf":[],"_links":{"self":[{"href":"https:\/\/colimdo.org\/wp-api\/wp\/v2\/posts\/48412"}],"collection":[{"href":"https:\/\/colimdo.org\/wp-api\/wp\/v2\/posts"}],"about":[{"href":"https:\/\/colimdo.org\/wp-api\/wp\/v2\/types\/post"}],"author":[{"embeddable":true,"href":"https:\/\/colimdo.org\/wp-api\/wp\/v2\/users\/16"}],"replies":[{"embeddable":true,"href":"https:\/\/colimdo.org\/wp-api\/wp\/v2\/comments?post=48412"}],"version-history":[{"count":1,"href":"https:\/\/colimdo.org\/wp-api\/wp\/v2\/posts\/48412\/revisions"}],"predecessor-version":[{"id":48414,"href":"https:\/\/colimdo.org\/wp-api\/wp\/v2\/posts\/48412\/revisions\/48414"}],"wp:featuredmedia":[{"embeddable":true,"href":"https:\/\/colimdo.org\/wp-api\/wp\/v2\/media\/48413"}],"wp:attachment":[{"href":"https:\/\/colimdo.org\/wp-api\/wp\/v2\/media?parent=48412"}],"wp:term":[{"taxonomy":"category","embeddable":true,"href":"https:\/\/colimdo.org\/wp-api\/wp\/v2\/categories?post=48412"},{"taxonomy":"post_tag","embeddable":true,"href":"https:\/\/colimdo.org\/wp-api\/wp\/v2\/tags?post=48412"}],"curies":[{"name":"wp","href":"https:\/\/api.w.org\/{rel}","templated":true}]}}