{"id":48415,"date":"2019-02-08T19:36:04","date_gmt":"2019-02-08T19:36:04","guid":{"rendered":"https:\/\/colimdo.org\/?p=48415"},"modified":"2019-02-08T19:36:04","modified_gmt":"2019-02-08T19:36:04","slug":"arqueros-van-puntos-copa-independencia-nacional-tiro-arco","status":"publish","type":"post","link":"https:\/\/colimdo.org\/noticias\/arqueros-van-puntos-copa-independencia-nacional-tiro-arco\/","title":{"rendered":"Arqueros van por puntos en Copa Independencia Nacional Tiro con Arco"},"content":{"rendered":"<p><b>SANTO DOMINGO<\/b>. M\u00e1s de 200 arqueros, en las distintas categor\u00edas competir\u00e1n este domingo en la Copa Independencia Ranking Nacional de Tiro con Arco que se celebrar\u00e1 en el Estadio Ol\u00edmpico de La Vega desde las 9:00 de la ma\u00f1ana.<\/p>\n<p>El torneo, organizado por la Federaci\u00f3n Dominicana de Tiro con Arco (Fedota) repartir\u00e1 puntos para las posiciones en el ranking, seg\u00fan dio a conocer Jos\u00e9 Miguel Robiou, presidente la entidad.<\/p>\n<p>\u201cEste es un evento que permite la evaluaci\u00f3n de los atletas en sus diferentes categor\u00edas y les permite posicionarse seg\u00fan sus resultados\u201d, se\u00f1al\u00f3 Robiou.<\/p>\n<p>El dirigente federado indic\u00f3 que las competencias se realizar\u00e1n en juvenil, cadete, senior, superior y m\u00e1ster, tanto en masculino como en femenino.<\/p>\n<p><span style=\"color: #000000; font-family: Calibri, sans-serif;\">La\u00a0Copa Independencia\u00a0Nacional\u00a0de Arquer\u00eca\u00a0otorgar\u00e1 puntos a\u00a0 los atletas en sus respectivas categor\u00edas y\u00a0dar\u00e1\u00a0inicio al programa de preparaci\u00f3n de los seleccionados superiores con miras a los Juegos Panamericanos que tendr\u00e1n lugar en Lima, Per\u00f9 este a\u00f1o.<\/span><\/p>\n<p>El presidente de la Fedota indic\u00f3 que en la\u00a0Copa Independencia ranking nacional\u00a0de Arquer\u00eca\u00a0tomar\u00e1n parte los mejores tiradores en las modalidades arco recurvo y compuesto.<\/p>\n<p>\u201cEstamos dando los pasos para que esta Copa Independencia de Tiro con Arco nos permita hacer una evaluaci\u00f3n\u00a0de\u00a0las diferentes categor\u00edas\u201d, se\u00f1al\u00f3 Robiou, quien adelant\u00f3 que las competencias comenzar\u00e1n a las 9:00\u00a0de\u00a0la ma\u00f1ana. Las pruebas se realizar\u00e1n en las distancias\u00a0de\u00a070, 50 y 30 metros.<\/p>\n<p>Adem\u00e1s\u00a0de\u00a0las competencias en arco recurvo y compuesto, tambi\u00e9n habr\u00e1 acci\u00f3n en la ronda FITA (Federaci\u00f3n Internacional\u00a0de\u00a0Tiro con Arco), as\u00ed como en la ronda ol\u00edmpica en diferentes distancias y categor\u00edas.<\/p>\n<p>En el certamen participar\u00e1n atletas\u00a0de\u00a0las asociaciones\u00a0de\u00a0San Pedro\u00a0de\u00a0Macor\u00eds, Santo Domingo, La Vega, Santiago, Salcedo, San Francisco\u00a0de\u00a0Macor\u00eds y La Romana.<\/p>\n","protected":false},"excerpt":{"rendered":"<p>Tiro con Arco har\u00e1 Copa Independencia Ranking Nacional este domingo.<\/p>\n","protected":false},"author":16,"featured_media":48416,"comment_status":"closed","ping_status":"closed","sticky":false,"template":"","format":"standard","meta":[],"categories":[2,4],"tags":[],"acf":[],"_links":{"self":[{"href":"https:\/\/colimdo.org\/wp-api\/wp\/v2\/posts\/48415"}],"collection":[{"href":"https:\/\/colimdo.org\/wp-api\/wp\/v2\/posts"}],"about":[{"href":"https:\/\/colimdo.org\/wp-api\/wp\/v2\/types\/post"}],"author":[{"embeddable":true,"href":"https:\/\/colimdo.org\/wp-api\/wp\/v2\/users\/16"}],"replies":[{"embeddable":true,"href":"https:\/\/colimdo.org\/wp-api\/wp\/v2\/comments?post=48415"}],"version-history":[{"count":1,"href":"https:\/\/colimdo.org\/wp-api\/wp\/v2\/posts\/48415\/revisions"}],"predecessor-version":[{"id":48417,"href":"https:\/\/colimdo.org\/wp-api\/wp\/v2\/posts\/48415\/revisions\/48417"}],"wp:featuredmedia":[{"embeddable":true,"href":"https:\/\/colimdo.org\/wp-api\/wp\/v2\/media\/48416"}],"wp:attachment":[{"href":"https:\/\/colimdo.org\/wp-api\/wp\/v2\/media?parent=48415"}],"wp:term":[{"taxonomy":"category","embeddable":true,"href":"https:\/\/colimdo.org\/wp-api\/wp\/v2\/categories?post=48415"},{"taxonomy":"post_tag","embeddable":true,"href":"https:\/\/colimdo.org\/wp-api\/wp\/v2\/tags?post=48415"}],"curies":[{"name":"wp","href":"https:\/\/api.w.org\/{rel}","templated":true}]}}