{"id":48418,"date":"2019-02-08T19:56:08","date_gmt":"2019-02-08T19:56:08","guid":{"rendered":"https:\/\/colimdo.org\/?p=48418"},"modified":"2019-02-08T19:56:08","modified_gmt":"2019-02-08T19:56:08","slug":"ramon-cuello-objetivo-llevar-los-jovenes-puedan-sustituirnos","status":"publish","type":"post","link":"https:\/\/colimdo.org\/noticias\/ramon-cuello-objetivo-llevar-los-jovenes-puedan-sustituirnos\/","title":{"rendered":"Ram\u00f3n Cuello: &#8220;El objetivo es llevar a los j\u00f3venes que puedan sustituirnos&#8221;"},"content":{"rendered":"<p class=\"x_ydpecb2542MsoNoSpacing\"><span lang=\"ES-DO\">SANTO DOMINGO. El presidente de la Asociaci\u00f3n de Cronistas Deportivos de Santo Domingo (ACD), Ram\u00f2n Cuello, se comprometi\u00f3 a orientar y apoyar a los periodistas m\u00e1s j\u00f3venes para que puedan dirigir la entidad.<\/span><\/p>\n<p class=\"x_ydpecb2542MsoNoSpacing\"><span lang=\"ES-DO\">Cuello, quien fue juramentado este viernes como presidente de la ACD por un nuevo per\u00edodo, manifest\u00f3 que es una gran responsabilidad ser presidente de cualquier organismo y que es tiempo de dar paso al relevo.<\/span><\/p>\n<p class=\"x_ydpecb2542MsoNoSpacing\"><span lang=\"ES-DO\">\u201cYa es tiempo de crear el espacio y las condiciones para que los j\u00f3venes cronistas deportivos dirijan los destinos de esta asociaci\u00f3n, es el compromiso que he asumido\u201d, agreg\u00f3 Cuello al hacer uso de la palabra luego de que, junto a los dem\u00e1s miembros de la nueva directiva, fuera juramentado por el licenciado Luis Mej\u00eca Oviedo, presidente del Comit\u00e9 Ol\u00edmpico Dominicano (COD).\u00a0<\/span><\/p>\n<p class=\"x_ydpecb2542MsoNoSpacing\"><span lang=\"ES-DO\">&#8220;Nuestro objetivo es guiar y orientar a los j\u00f3venes que puedan sustituirnos, porque el momento del retiro ha llegado&#8221;, expres\u00f3 Cuello.<\/span><\/p>\n<p class=\"x_ydpecb2542MsoNoSpacing\"><span lang=\"ES-DO\">Adem\u00e0s de Cuello, integran el nuevo comit\u00e9 ejecutivo de la ACD por los pr\u00f3ximos dos a\u00f1os Am\u00e9rico Celado, primer vicepresidente; Odalis S\u00e1nchez, segundo vicepresidente; Neftal\u00ed Ruiz, secretario general, Ivanovich Medina, co-secretario; Porfirio de Jes\u00fas, tesorero, y los vocales Jos\u00e9 Antonio Mena, F\u00e9lix Rafael D\u00edaz y V\u00edctor Candelario Alc\u00e1ntara.<\/span><\/p>\n<p class=\"x_ydpecb2542MsoNoSpacing\"><span lang=\"ES-DO\">Cuello, quien estar\u00e1 desempe\u00f1ando la presidencia del organismo para el per\u00edodo 2019-2021, el cual es su quinto al frente de la ACD, destac\u00f3 el compromiso que deben tener los j\u00f3venes cronistas en la direcci\u00f3n de los destinos del gremio de los profesionales del periodismo deportivo.<\/span><\/p>\n<p class=\"x_ydpecb2542MsoNoSpacing\"><span lang=\"ES-DO\">&#8220;No es solo que los j\u00f3venes se integren, es que muestren el inter\u00e9s y el sacrificio que requiere dirigir esta y cualquier instituci\u00f3n&#8221;, puntualiz\u00f3.<\/span><\/p>\n<p class=\"x_ydpecb2542MsoNoSpacing\"><span lang=\"ES-DO\">Cuello, quien adem\u00e1s se\u00f1al\u00f3 como un ejemplo de esa entrega, el haber relegado sus proyectos personales en beneficio de servir a la instituci\u00f3n.<\/span><\/p>\n<p class=\"x_ydpecb2542MsoNoSpacing\"><span lang=\"ES-DO\">&#8220;He dedicado tanto tiempo a la ACD, que pr\u00e1cticamente he renunciado a mi carrera y \u00a0a mis proyectos personales&#8221;, agreg\u00f3.<\/span><\/p>\n<p class=\"x_ydpecb2542MsoNoSpacing\"><span lang=\"ES-DO\">Dentro de los logros alcanzados por el gremio period\u00edstico, Cuello se\u00f1al\u00f3 la implementaci\u00f3n de pensiones a 42 comunicadores en retiro, las cuales los ayudan a vivir en mejores condiciones seg\u00fan sus palabras y otra medida a adoptarse como es la exoneraci\u00f3n de pagos de membres\u00eda a los miembros de la ACD de m\u00e1s de 60 a\u00f1os de edad.\u00a0<\/span><\/p>\n","protected":false},"excerpt":{"rendered":"<p>Nueva directiva de la ACD asume nuevos retos y compromisos.<\/p>\n","protected":false},"author":16,"featured_media":48419,"comment_status":"closed","ping_status":"closed","sticky":false,"template":"","format":"standard","meta":[],"categories":[2,60],"tags":[],"acf":[],"_links":{"self":[{"href":"https:\/\/colimdo.org\/wp-api\/wp\/v2\/posts\/48418"}],"collection":[{"href":"https:\/\/colimdo.org\/wp-api\/wp\/v2\/posts"}],"about":[{"href":"https:\/\/colimdo.org\/wp-api\/wp\/v2\/types\/post"}],"author":[{"embeddable":true,"href":"https:\/\/colimdo.org\/wp-api\/wp\/v2\/users\/16"}],"replies":[{"embeddable":true,"href":"https:\/\/colimdo.org\/wp-api\/wp\/v2\/comments?post=48418"}],"version-history":[{"count":2,"href":"https:\/\/colimdo.org\/wp-api\/wp\/v2\/posts\/48418\/revisions"}],"predecessor-version":[{"id":48421,"href":"https:\/\/colimdo.org\/wp-api\/wp\/v2\/posts\/48418\/revisions\/48421"}],"wp:featuredmedia":[{"embeddable":true,"href":"https:\/\/colimdo.org\/wp-api\/wp\/v2\/media\/48419"}],"wp:attachment":[{"href":"https:\/\/colimdo.org\/wp-api\/wp\/v2\/media?parent=48418"}],"wp:term":[{"taxonomy":"category","embeddable":true,"href":"https:\/\/colimdo.org\/wp-api\/wp\/v2\/categories?post=48418"},{"taxonomy":"post_tag","embeddable":true,"href":"https:\/\/colimdo.org\/wp-api\/wp\/v2\/tags?post=48418"}],"curies":[{"name":"wp","href":"https:\/\/api.w.org\/{rel}","templated":true}]}}