{"id":48453,"date":"2019-02-09T20:03:18","date_gmt":"2019-02-09T20:03:18","guid":{"rendered":"https:\/\/colimdo.org\/?p=48453"},"modified":"2019-02-09T20:03:59","modified_gmt":"2019-02-09T20:03:59","slug":"cod-celebrara-coctel-bienvenida-previo-la-gran-gala-olimpica","status":"publish","type":"post","link":"https:\/\/colimdo.org\/noticias\/cod-celebrara-coctel-bienvenida-previo-la-gran-gala-olimpica\/","title":{"rendered":"COD celebrar\u00e1 c\u00f3ctel de bienvenida previo a la \u201cGran Gala Ol\u00edmpica\u201d"},"content":{"rendered":"<p><strong>SANTO DOMINGO.-<\/strong> La \u201cGran Gala Ol\u00edmpica\u201d del Comit\u00e9 Ol\u00edmpico Dominicano (COD) que ser\u00e1 celebrada el mi\u00e9rcoles 20 de este mes tendr\u00e1 como atractivo la celebraci\u00f3n de un coctel con los atletas, los cuales firmar\u00e1n aut\u00f3grafos y estar\u00e1n disponibles para tomarse fotos.<\/p>\n<p>Esta actividad ser\u00e1 celebrada en el lobby del hotel Jaragua y est\u00e0 pautada para comenzar a las 6:30 de la noche, como pre\u00e1mbulo al inicio de la Gala que comenzar\u00e1 a las 7:30 de la noche para ser transmitida por televisi\u00f3n a toda la naci\u00f3n y al mundo.<\/p>\n<p><span style=\"font-style: inherit; font-weight: inherit;\">La \u201cGran Gala Ol\u00edmpica\u201d tendr\u00e1 como conductores a Yancen Pujols y Sussy Jim\u00e9nez, y se efectuar\u00e1 en el Gran Sal\u00f3n La Fiesta del hotel Jaragua.<\/span><\/p>\n<p><span style=\"font-style: inherit; font-weight: inherit;\">Una nota de la Direcci\u00f3n de Prensa del COD informa que se ha preparado un gran show art\u00edstico como parte de la gran fiesta deportiva.<\/span><\/p>\n<p><span style=\"font-style: inherit; font-weight: inherit;\">La \u201cGran Gala Ol\u00edmpica\u201d es la principal fiesta deportiva del deporte dominicano, donde se premian a los atletas que m\u00e1s trascendieron durante el pasado a\u00f1o, adem\u00e1s de que tambi\u00e9n se aprovecha la ocasi\u00f3n para reconocer a instituciones y personalidades que han ofrecido un servicio al deporte del pa\u00eds. <\/span><\/p>\n<p>El ceremonial de premiaci\u00f3n cuenta con el respaldo del Ministerio de Deportes y la Cervecer\u00eda Nacional Dominicana.<\/p>\n<p><span style=\"font-style: inherit; font-weight: inherit;\">Al evento est\u00e1n siendo invitados funcionarios del Gobierno, del sector privado, el cuerpo diplom\u00e1tico acreditado en el pa\u00eds y otras personalidades.<\/span><\/p>\n<p><span style=\"font-style: inherit; font-weight: inherit;\">\u201cEstamos preparando una gran fiesta del deporte\u201d, dijo el licenciado Luis Mej\u00eda Oviedo, presidente del COD, al se\u00f1alar que la tradicional fiesta deportiva ser\u00e1 una noche para recordar.<\/span><\/p>\n<p><span style=\"font-style: inherit; font-weight: inherit;\">Explic\u00f3 que se prepara un programa \u00e1gil y entretenido, y que adem\u00e1s de la premiaci\u00f3n y reconocimientos, habr\u00e1 presentaciones art\u00edsticas.<\/span><\/p>\n<p><span style=\"font-style: inherit; font-weight: inherit;\">Mej\u00eda Oviedo, quien tambi\u00e9n es miembro del Comit\u00e9 Ol\u00edmpico Internacional, sostuvo que se dan los toques finales al programa de esa noche.<\/span><\/p>\n<p><span style=\"font-style: inherit; font-weight: inherit;\">Es una tradici\u00f3n que el COD celebre la Gala Ol\u00edmpica todos los a\u00f1os, evento en el que se premia a los atletas m\u00e1s destacados de cada deporte y tambi\u00e9n se distingue el deportista que mayores logros haya tenido el pasado a\u00f1o.<\/span><\/p>\n<p><span style=\"font-style: inherit; font-weight: inherit;\">\u201cEsta ser\u00e1 la fiesta del deporte, la noche en que todos nos reunimos para festejar y compartir\u201d, a\u00f1adi\u00f3 Mej\u00eda Oviedo.<\/span><\/p>\n<p><span style=\"font-style: inherit; font-weight: inherit;\">Oportunamente, el COD estar\u00e1 ofreciendo los nombres de los deportistas que ser\u00e1n galardonados en la \u201cGran Gala Ol\u00edmpica\u201d.<\/span><\/p>\n","protected":false},"excerpt":{"rendered":"<p>El ceremonial de premiaci\u00f3n tendr\u00e1 lugar el mi\u00e9rcoles 20 de este mes en el sal\u00f3n la Fiesta del hotel Jaragua.<\/p>\n","protected":false},"author":13,"featured_media":48454,"comment_status":"closed","ping_status":"closed","sticky":false,"template":"","format":"standard","meta":[],"categories":[2],"tags":[],"acf":[],"_links":{"self":[{"href":"https:\/\/colimdo.org\/wp-api\/wp\/v2\/posts\/48453"}],"collection":[{"href":"https:\/\/colimdo.org\/wp-api\/wp\/v2\/posts"}],"about":[{"href":"https:\/\/colimdo.org\/wp-api\/wp\/v2\/types\/post"}],"author":[{"embeddable":true,"href":"https:\/\/colimdo.org\/wp-api\/wp\/v2\/users\/13"}],"replies":[{"embeddable":true,"href":"https:\/\/colimdo.org\/wp-api\/wp\/v2\/comments?post=48453"}],"version-history":[{"count":1,"href":"https:\/\/colimdo.org\/wp-api\/wp\/v2\/posts\/48453\/revisions"}],"predecessor-version":[{"id":48455,"href":"https:\/\/colimdo.org\/wp-api\/wp\/v2\/posts\/48453\/revisions\/48455"}],"wp:featuredmedia":[{"embeddable":true,"href":"https:\/\/colimdo.org\/wp-api\/wp\/v2\/media\/48454"}],"wp:attachment":[{"href":"https:\/\/colimdo.org\/wp-api\/wp\/v2\/media?parent=48453"}],"wp:term":[{"taxonomy":"category","embeddable":true,"href":"https:\/\/colimdo.org\/wp-api\/wp\/v2\/categories?post=48453"},{"taxonomy":"post_tag","embeddable":true,"href":"https:\/\/colimdo.org\/wp-api\/wp\/v2\/tags?post=48453"}],"curies":[{"name":"wp","href":"https:\/\/api.w.org\/{rel}","templated":true}]}}