{"id":48470,"date":"2019-02-10T14:27:33","date_gmt":"2019-02-10T14:27:33","guid":{"rendered":"https:\/\/colimdo.org\/?p=48470"},"modified":"2019-02-10T14:27:39","modified_gmt":"2019-02-10T14:27:39","slug":"roberto-alomar-considera-positivo-pacto-mlb-cuba","status":"publish","type":"post","link":"https:\/\/colimdo.org\/noticias\/roberto-alomar-considera-positivo-pacto-mlb-cuba\/","title":{"rendered":"Roberto Alomar considera positivo el pacto entre MLB y Cuba"},"content":{"rendered":"<p><strong>PANAM\u00c1. AP<\/strong>. Roberto Alomar, que lleg\u00f3 a jugar durante su ilustre carrera en Grandes Ligas con algunos beisbolistas cubanos desertores, dijo el s\u00e1bado que ve con buenos ojos un hist\u00f3rico acuerdo que busca terminar con esa pr\u00e1ctica.<\/p>\n<p>El ex estelar intermedista puertorrique\u00f1o y miembro del Sal\u00f3n de la Fama del b\u00e9isbol dijo a la prensa en Panam\u00e1 que es &#8221;positivo&#8221; el acuerdo entre Grandes Ligas y las autoridades del b\u00e9isbol de Cuba, anunciado en diciembre, que permitir\u00e1 a los peloteros de la isla firmar contratos con equipos de Estados Unidos sin tener que desertar, lo que busca terminar con un peligroso tr\u00e1fico humano que lleva d\u00e9cadas.<\/p>\n<p>&#8221;Cuba ha pasado por muchas malas experiencias, los peloteros ten\u00edan que irse del pa\u00eds para poder lograr su sue\u00f1o&#8221;, se\u00f1al\u00f3 Alomar. &#8221;Creo que ahora se les hace mucho m\u00e1s f\u00e1cil (firmar)&#8221;.<\/p>\n<p>Alomar, exaltado al museo de los inmortales en Cooperstown en 2011, tuvo de compa\u00f1eros de equipo a los lanzadores cubanos Danys B\u00e1ez y a Jos\u00e9 Ariel Contreras en los\u00a0Indios de Cleveland\u00a0en 2001 y los\u00a0Medias Blancas de Chicago\u00a0en 2004, respectivamente. B\u00e1ez desert\u00f3 de la selecci\u00f3n cubana en los Juegos Panamericanos de Winnipeg en 1999, en tanto que Contreras lo hizo en 2002.<\/p>\n<p>El puertorrique\u00f1o mencion\u00f3 los casos de esos excompa\u00f1eros en una conferencia de prensa, luego de hacer el lanzamiento de honor previo al partido entre Panam\u00e1 y Puerto Rico en la Serie del Caribe, que se disputa en el estadio Rod Carew en la capital paname\u00f1a.<\/p>\n","protected":false},"excerpt":{"rendered":"<p>El puertorrique\u00f1o y miembro del Sal\u00f3n de la Fama del b\u00e9isbol dijo que el pacto permitir\u00e1 a los peloteros de la isla firmar contratos con equipos de Estados Unidos.<\/p>\n","protected":false},"author":13,"featured_media":48471,"comment_status":"closed","ping_status":"closed","sticky":false,"template":"","format":"standard","meta":[],"categories":[2],"tags":[],"acf":[],"_links":{"self":[{"href":"https:\/\/colimdo.org\/wp-api\/wp\/v2\/posts\/48470"}],"collection":[{"href":"https:\/\/colimdo.org\/wp-api\/wp\/v2\/posts"}],"about":[{"href":"https:\/\/colimdo.org\/wp-api\/wp\/v2\/types\/post"}],"author":[{"embeddable":true,"href":"https:\/\/colimdo.org\/wp-api\/wp\/v2\/users\/13"}],"replies":[{"embeddable":true,"href":"https:\/\/colimdo.org\/wp-api\/wp\/v2\/comments?post=48470"}],"version-history":[{"count":1,"href":"https:\/\/colimdo.org\/wp-api\/wp\/v2\/posts\/48470\/revisions"}],"predecessor-version":[{"id":48472,"href":"https:\/\/colimdo.org\/wp-api\/wp\/v2\/posts\/48470\/revisions\/48472"}],"wp:featuredmedia":[{"embeddable":true,"href":"https:\/\/colimdo.org\/wp-api\/wp\/v2\/media\/48471"}],"wp:attachment":[{"href":"https:\/\/colimdo.org\/wp-api\/wp\/v2\/media?parent=48470"}],"wp:term":[{"taxonomy":"category","embeddable":true,"href":"https:\/\/colimdo.org\/wp-api\/wp\/v2\/categories?post=48470"},{"taxonomy":"post_tag","embeddable":true,"href":"https:\/\/colimdo.org\/wp-api\/wp\/v2\/tags?post=48470"}],"curies":[{"name":"wp","href":"https:\/\/api.w.org\/{rel}","templated":true}]}}