{"id":48473,"date":"2019-02-10T14:37:44","date_gmt":"2019-02-10T14:37:44","guid":{"rendered":"https:\/\/colimdo.org\/?p=48473"},"modified":"2019-02-10T14:38:03","modified_gmt":"2019-02-10T14:38:03","slug":"eligen-nueva-directiva-la-confederacion-baloncesto-del-caribe","status":"publish","type":"post","link":"https:\/\/colimdo.org\/noticias\/eligen-nueva-directiva-la-confederacion-baloncesto-del-caribe\/","title":{"rendered":"Eligen nueva directiva de la Confederaci\u00f3n Baloncesto del Caribe"},"content":{"rendered":"<p>Glyne Clarke, de la isla de Barbados, repite en la presidencia de la Confederaci\u00f3n\u00a0 de Baloncesto del Caribe (CBC) y estar\u00e1 para el per\u00edodo 2019-2023, tras la celebraci\u00f3n este s\u00e1bado de la Asamblea Eleccionaria -previo se hizo la General- en el sal\u00f3n de conferencias del hotel Emotion del municipio Juan Dolio, en San Pedro de Macor\u00eds.<\/p>\n<p>En la Asamblea General, Clarke rindi\u00f3 su informe de gesti\u00f3n 2015-2019.<\/p>\n<p>La elecci\u00f3n de Clarke fue muy re\u00f1ida con su contrincante Patrick Haynes, de Guyana, ya que en la primera vuelta las votaciones quedaron 11-11, y en la segunda se impuso el reelecto presidente 12-10, de un total de 22 votantes, de 23 federaciones que conformar ese organismo ap\u00e9ndice de Fiba en Am\u00e9rica, y esta a su vez, de Fiba Internacional.<\/p>\n<p>S\u00f3lo estuvo ausente en el proceso, Dominica.<\/p>\n<p>A Clarke le acompa\u00f1ar\u00e1n en el Comit\u00e9 Ejecutivo de la CBC, Daryll Matthew, de Antigua, como vicepresidente de Finanzas y Marketing; Marlan Natlle, de Jamaica, vicepresidente de Desarrollo; y el jamaiquino Frederick Brown, como vicepresidente t\u00e9cnico.<\/p>\n<p>Como secretaria repite Sabrina Mitchell, de Saint Vincent y Granadinas; y la tesorera lo es Kebra Nanton, de Antigua y Barbuda.<\/p>\n<p>Guy Malone, de Islas V\u00edrgenes Brit\u00e1nicas, y V\u00edctor Ogarro, de Isla Caim\u00e1n, fueron votados como miembros de honor.<\/p>\n<p>Tras la elecci\u00f3n y proclamaci\u00f3n, la directiva de la CBC seleccion\u00f3 a Sabrina Mitchell y Yum Ramos, de Puerto Rico, como los delegados ante la Confederaci\u00f3n Centroamericana y del Caribe de Baloncesto (Concencaba).<\/p>\n<p><strong>RD acoge a 30 pa\u00edses<\/strong><\/p>\n<p>La Rep\u00fablica Dominicana\u00a0 es la capital del baloncesto en Centroam\u00e9rica y el Caribe, tras acoger durante dos d\u00edas a 30 federaciones para participar en las Asambleas Generales y Eleccionarias de la CBC -que se hicieron ayer tarde-\u00a0 y de la Concencaba.<\/p>\n<p>Para este domingo, la programaci\u00f3n se concentra en la Concencaba, que preside el cubano Ruperto Herrera, con su rendici\u00f3n de cuentas sobre per\u00edodo de gesti\u00f3n 2015-19.<\/p>\n<p>Herrera se retira de la Concencaba para darle paso a un nuevo liderato cuyos aspirantes son los presidentes de las Federaciones de El Salvador y Nicaragua, Yamil Buquele y Marcela Mej\u00eda, respectivamente, en el proceso electoral a realizarse en la tarde de este domingo.<\/p>\n<p>Los pa\u00edses presentes fueron Guyana, Jamaica, Antigua &amp; Barbuda, Islas Caim\u00e1n, Barbados, Santa Luc\u00eda, Aruba, Saint Kitts &amp; Nevis, Hait\u00ed, Puerto Rico, Saint Vincent y Granadinas, Turcos &amp; Caicos, Suriname, Trinidad &amp; Tobago, Costa Rica y Rep\u00fablica Dominicana.<\/p>\n<p><strong>Reconocen a Muratore<\/strong><\/p>\n<p>La CBC reconoci\u00f3 al argentino Horacio Muratore, presidente de Fiba, a Kenrick Thomas, vicepresidente de la Federaci\u00f3n de Guyana, y Conrao Issa, presidente de la Federaci\u00f3n de Suriname, y en\u00a0 especial a Usie Richards,\u00a0 de Fiba en Am\u00e9rica.<\/p>\n","protected":false},"excerpt":{"rendered":"<p>El dirigente deportivo Glyne Clarke, de Barbados, repite en la presidencia para el per\u00edodo 2019-2023 y se ha hecho acompa\u00f1ar de otros directivos.<\/p>\n","protected":false},"author":13,"featured_media":48474,"comment_status":"closed","ping_status":"closed","sticky":false,"template":"","format":"standard","meta":[],"categories":[2],"tags":[],"acf":[],"_links":{"self":[{"href":"https:\/\/colimdo.org\/wp-api\/wp\/v2\/posts\/48473"}],"collection":[{"href":"https:\/\/colimdo.org\/wp-api\/wp\/v2\/posts"}],"about":[{"href":"https:\/\/colimdo.org\/wp-api\/wp\/v2\/types\/post"}],"author":[{"embeddable":true,"href":"https:\/\/colimdo.org\/wp-api\/wp\/v2\/users\/13"}],"replies":[{"embeddable":true,"href":"https:\/\/colimdo.org\/wp-api\/wp\/v2\/comments?post=48473"}],"version-history":[{"count":1,"href":"https:\/\/colimdo.org\/wp-api\/wp\/v2\/posts\/48473\/revisions"}],"predecessor-version":[{"id":48475,"href":"https:\/\/colimdo.org\/wp-api\/wp\/v2\/posts\/48473\/revisions\/48475"}],"wp:featuredmedia":[{"embeddable":true,"href":"https:\/\/colimdo.org\/wp-api\/wp\/v2\/media\/48474"}],"wp:attachment":[{"href":"https:\/\/colimdo.org\/wp-api\/wp\/v2\/media?parent=48473"}],"wp:term":[{"taxonomy":"category","embeddable":true,"href":"https:\/\/colimdo.org\/wp-api\/wp\/v2\/categories?post=48473"},{"taxonomy":"post_tag","embeddable":true,"href":"https:\/\/colimdo.org\/wp-api\/wp\/v2\/tags?post=48473"}],"curies":[{"name":"wp","href":"https:\/\/api.w.org\/{rel}","templated":true}]}}