{"id":48489,"date":"2019-02-10T21:59:17","date_gmt":"2019-02-10T21:59:17","guid":{"rendered":"https:\/\/colimdo.org\/?p=48489"},"modified":"2019-02-10T21:59:47","modified_gmt":"2019-02-10T21:59:47","slug":"canal-ctv-88-transmitira-acto-presentacion-documental","status":"publish","type":"post","link":"https:\/\/colimdo.org\/noticias\/canal-ctv-88-transmitira-acto-presentacion-documental\/","title":{"rendered":"Canal CTV 88 transmitir\u00e1 acto presentaci\u00f3n de documental"},"content":{"rendered":"<p><strong>SANTO DOMINGO<\/strong>.-\u00a0 El canal CTV 88 del\u00a0<span style=\"font-style: inherit; font-weight: inherit;\">Comit\u00e9 Ol\u00edmpico Dominicano (COD) transmitir\u00e1 la ceremonia y presentaci\u00f3n del documental \u201cBarranquilla RD 107\u201d que consiste en un testimonio de la gran actuaci\u00f3n de la Rep\u00fablica Dominicana en los XXIII Juegos Centroamericanos y del Caribe efectuado el a\u00f1o pasado en la ciudad colombiana.<\/span><\/p>\n<p><span style=\"font-style: inherit; font-weight: inherit;\">CTV 88 es el canal oficial del COD y tendr\u00e1 disponible todo su equipo de transmisi\u00f3n para llevar a la ciudadan\u00eda el significativo acto que enaltece la actuaci\u00f3n de los deportistas dominicanos en esos juegos, donde el pa\u00eds alcanz\u00f3 107 medallas, entre estas 25 de oro, una de las actuaciones m\u00e1s relevantes del pa\u00eds.<\/span><\/p>\n<p><span style=\"font-style: inherit; font-weight: inherit;\">El documental \u201cBarranquilla RD 107\u201d ser\u00e1 presentado en un acto a celebrarse a las 6:00 de la tarde de este lunes, en el\u00a0Pabell\u00f3n de la Fama del Deporte Dominicano, ubicado en el Centro Ol\u00edmpico Juan Pablo Duarte.<\/span><\/p>\n<p><span style=\"font-style: inherit; font-weight: inherit;\">El documental \u201cBarranquilla RD 107\u201d fue producido por la empresa CinePlus,\u00a0 y tiene como productor ejecutivo el periodista H\u00e9ctor J. Cruz, con la participaci\u00f3n de un peque\u00f1o grupo de profesionales. La periodista Carmen Aybar funge como asistente de producci\u00f3n y puso su voz. El texto corresponde a Ram\u00f3n Rodr\u00edguez y la edici\u00f3n a Jonathan Reyes.<\/span><\/p>\n<p><span style=\"font-style: inherit; font-weight: inherit;\">En el mismo se narra la conquista de las\u00a0 107 medallas alcanzadas por el pa\u00eds en los Juegos Barranquilla 2018, lo cual la convirti\u00f3 en la delegaci\u00f3n de mayor progreso porcentual entre los pa\u00edses participantes. Eso incluy\u00f3 25 medallas de oro.<\/span><\/p>\n<p><span style=\"font-style: inherit; font-weight: inherit;\">El documental contiene, adem\u00e1s, testimonios de decenas de atletas medallistas y de la dirigencia nacional, as\u00ed como del Ministro de Deportes Danilo D\u00edaz, el presidente del Comit\u00e9 Ol\u00edmpico Dominicano, Luis\u00edn Mej\u00eda; el presidente de CRESO (Creando Sue\u00f1os Ol\u00edmpicos), empresario Felipe Vicini; y el jefe de la delegaci\u00f3n, Edwin Rodr\u00edguez.<\/span><\/p>\n<p><span style=\"font-style: inherit; font-weight: inherit;\">En el acto hablar\u00e1n el Ministro de Deportes, el Jefe de la Delegaci\u00f3n Nacional a los Juegos, Edwin Rodr\u00edguez as\u00ed como el tenista V\u00edctor Estrella, ganador de tres medallas de oro.<\/span><\/p>\n<p><span style=\"font-style: inherit; font-weight: inherit;\">Una copia de dicho video ser\u00e1 obsequiada a cada miembro de la delegaci\u00f3n dominicana.<\/span><\/p>\n","protected":false},"excerpt":{"rendered":"<p>El documental \u201cBarranquilla RD 107\u201d ser\u00e1 presentado en un acto a celebrarse a las 6:00 de la tarde de este lunes, en el Pabell\u00f3n de la Fama del Deporte Dominicano.<\/p>\n","protected":false},"author":13,"featured_media":48490,"comment_status":"closed","ping_status":"closed","sticky":false,"template":"","format":"standard","meta":[],"categories":[2],"tags":[],"acf":[],"_links":{"self":[{"href":"https:\/\/colimdo.org\/wp-api\/wp\/v2\/posts\/48489"}],"collection":[{"href":"https:\/\/colimdo.org\/wp-api\/wp\/v2\/posts"}],"about":[{"href":"https:\/\/colimdo.org\/wp-api\/wp\/v2\/types\/post"}],"author":[{"embeddable":true,"href":"https:\/\/colimdo.org\/wp-api\/wp\/v2\/users\/13"}],"replies":[{"embeddable":true,"href":"https:\/\/colimdo.org\/wp-api\/wp\/v2\/comments?post=48489"}],"version-history":[{"count":1,"href":"https:\/\/colimdo.org\/wp-api\/wp\/v2\/posts\/48489\/revisions"}],"predecessor-version":[{"id":48491,"href":"https:\/\/colimdo.org\/wp-api\/wp\/v2\/posts\/48489\/revisions\/48491"}],"wp:featuredmedia":[{"embeddable":true,"href":"https:\/\/colimdo.org\/wp-api\/wp\/v2\/media\/48490"}],"wp:attachment":[{"href":"https:\/\/colimdo.org\/wp-api\/wp\/v2\/media?parent=48489"}],"wp:term":[{"taxonomy":"category","embeddable":true,"href":"https:\/\/colimdo.org\/wp-api\/wp\/v2\/categories?post=48489"},{"taxonomy":"post_tag","embeddable":true,"href":"https:\/\/colimdo.org\/wp-api\/wp\/v2\/tags?post=48489"}],"curies":[{"name":"wp","href":"https:\/\/api.w.org\/{rel}","templated":true}]}}