{"id":48496,"date":"2019-02-10T23:35:21","date_gmt":"2019-02-10T23:35:21","guid":{"rendered":"https:\/\/colimdo.org\/?p=48496"},"modified":"2019-02-10T23:39:19","modified_gmt":"2019-02-10T23:39:19","slug":"ramon-meran-primer-lugar-categoria-elite-clasico-la-amistad","status":"publish","type":"post","link":"https:\/\/colimdo.org\/noticias\/ramon-meran-primer-lugar-categoria-elite-clasico-la-amistad\/","title":{"rendered":"Ram\u00f3n Mer\u00e1n, primer lugar categor\u00eda \u00e9lite Cl\u00e1sico de la Amistad"},"content":{"rendered":"<p><strong>SANTO DOMINGO.<\/strong>-El segundo Cl\u00e1sico de la Amistad 2019 se corri\u00f3 este domingo en la Avenida V Centenario, donde Ram\u00f3n Mer\u00e1n se adue\u00f1\u00f3 de la categor\u00eda \u00c9lite, tras cronometrar un tiempo de 2 horas y 32 minutos, luego de correr 99 kil\u00f3metros.<\/p>\n<p>William Guzm\u00e1n y Adderlyn Cruz llegaron segundo y tercero en \u00c9lite, en el evento que se corri\u00f3 en formato individual.<\/p>\n<p>En la categor\u00eda M\u00e1ster A, donde se corri\u00f3 72 kil\u00f3metros, Erizon Pe\u00f1a qued\u00f3 en el primer con un tiempo de 2 horas y 17 minutos. Kelvin Savi\u00f1on y y Robinson Gonz\u00e1lez llegaron segundo y tercero.<\/p>\n<p>En la M\u00e1ster B, Wendy Cruz corri\u00f3 1 hora y 49 minutos para encabezar ese pelot\u00f3n. Lu\u00eds Mart\u00ednez y Obed Carrera escoltaron a Cruz. Corrieron 66.5 kil\u00f3metros.<\/p>\n<p>En la M\u00e1ster C, Silverio Mej\u00eda corri\u00f3 una hora y 27 minutos y fue el m\u00e1s sobresaliente, luego de correr 58.5 kil\u00f3metros. En la Femenina, Juan Fern\u00e1ndez qued\u00f3 primer lugar, lo mismo hizo Daniel Cede\u00f1o, pero en la Juvenil. Por \u00faltimo, Frankely Garc\u00eda se qued\u00f3 con la categor\u00eda Recreativa, con una hora y 15 minutos, luego de correr 49.5 kil\u00f3metros.<\/p>\n<p>El Cl\u00e1sico de la Amistad, que tuvo el aval de la Asociaci\u00f3n de Ciclismo del Distrito Nacional y la Federaci\u00f3n Dominicana de ese deporte (Fedoci), reparti\u00f3 120 mil pesos en premio y fue organizado por Producciones Fiera, que preside Emilio Valdez (El Caballito).<\/p>\n<p>La sede de este segundo evento Cl\u00e1sico de la Amistad fue en el Distrito Nacional. El recorrido fue de un circuito V Centenario y la barriada de Villa Juana.<\/p>\n<p>El evento fue fiscalizado por el Colegio Dominicano de Comisarios.<\/p>\n<p>La comunicadora Sussy Jim\u00e9nez fungi\u00f3 como la presidente del comit\u00e9 organizador del Tour la Amistad, que tuvo el patrocinio del Ministerio de Deportes, Grupo SID, Ministerio de Educaci\u00f3n, Presidencia de la Rep\u00fablica, Viamar, Petromovil y la C\u00e1mara de Diputados.<\/p>\n<p>Colaboraron en la justa cicl\u00edstica el Comit\u00e9 Ol\u00edmpico Dominicano, Fedoci y Qui\u00e9reme Como Soy.<\/p>\n","protected":false},"excerpt":{"rendered":"<p>Pe\u00f1a, Cruz, Mej\u00eda, Fern\u00e1ndez, Cede\u00f1o y Garc\u00eda tambi\u00e9n ganaron en sus respectivas categor\u00edas del evento cicl\u00edstico celebrado este domingo.<\/p>\n","protected":false},"author":13,"featured_media":48500,"comment_status":"closed","ping_status":"closed","sticky":false,"template":"","format":"standard","meta":[],"categories":[2],"tags":[],"acf":[],"_links":{"self":[{"href":"https:\/\/colimdo.org\/wp-api\/wp\/v2\/posts\/48496"}],"collection":[{"href":"https:\/\/colimdo.org\/wp-api\/wp\/v2\/posts"}],"about":[{"href":"https:\/\/colimdo.org\/wp-api\/wp\/v2\/types\/post"}],"author":[{"embeddable":true,"href":"https:\/\/colimdo.org\/wp-api\/wp\/v2\/users\/13"}],"replies":[{"embeddable":true,"href":"https:\/\/colimdo.org\/wp-api\/wp\/v2\/comments?post=48496"}],"version-history":[{"count":1,"href":"https:\/\/colimdo.org\/wp-api\/wp\/v2\/posts\/48496\/revisions"}],"predecessor-version":[{"id":48499,"href":"https:\/\/colimdo.org\/wp-api\/wp\/v2\/posts\/48496\/revisions\/48499"}],"wp:featuredmedia":[{"embeddable":true,"href":"https:\/\/colimdo.org\/wp-api\/wp\/v2\/media\/48500"}],"wp:attachment":[{"href":"https:\/\/colimdo.org\/wp-api\/wp\/v2\/media?parent=48496"}],"wp:term":[{"taxonomy":"category","embeddable":true,"href":"https:\/\/colimdo.org\/wp-api\/wp\/v2\/categories?post=48496"},{"taxonomy":"post_tag","embeddable":true,"href":"https:\/\/colimdo.org\/wp-api\/wp\/v2\/tags?post=48496"}],"curies":[{"name":"wp","href":"https:\/\/api.w.org\/{rel}","templated":true}]}}