{"id":48527,"date":"2019-02-11T16:45:11","date_gmt":"2019-02-11T16:45:11","guid":{"rendered":"https:\/\/colimdo.org\/?p=48527"},"modified":"2019-02-11T16:45:11","modified_gmt":"2019-02-11T16:45:11","slug":"informe-emiliano-sala-murio-causa-lesiones-la-cabeza","status":"publish","type":"post","link":"https:\/\/colimdo.org\/noticias\/informe-emiliano-sala-murio-causa-lesiones-la-cabeza\/","title":{"rendered":"Informe: Emiliano Sala muri\u00f3 a causa de lesiones en la cabeza"},"content":{"rendered":"<p class=\"canvas-atom canvas-text Mb(1.0em) Mb(0)--sm Mt(0.8em)--sm\">Mientras contin\u00faa la investigaci\u00f3n para conocer por qu\u00e9 el avi\u00f3n en el que viajaba Emiliano Sala cay\u00f3 al Canal de la Mancha, este lunes se conocieron los primeros resultados de la autopsia realizada al cuerpo del delantero, luego de que fuera rescatado el mi\u00e9rcoles pasado desde el interior del fuselaje de la aeronave. Y seg\u00fan confirmaron las autoridades forenses, el futbolista falleci\u00f3 por las lesiones en la cabeza y el tronco que sufri\u00f3 en el impacto.<\/p>\n<p class=\"canvas-atom canvas-text Mb(1.0em) Mb(0)--sm Mt(0.8em)--sm\">Desde la ciudad de Bournemouth, donde se est\u00e1n llevando a cabo los peritajes para determinar qu\u00e9 fue lo que sucedi\u00f3 en la noche del 21 de enero mientras Sala viajaba desde Nantes rumbo a Cardiff, se divulgaron los primeros detalles de una investigaci\u00f3n que durar\u00e1 entre seis meses y un a\u00f1o.<\/p>\n<p class=\"canvas-atom canvas-text Mb(1.0em) Mb(0)--sm Mt(0.8em)--sm\">Mientras tanto, las autoridades todav\u00eda no pudieron comenzar con los trabajos para retirar el avi\u00f3n desde el fondo del oc\u00e9ano, mientras el piloto David Ibbotson contin\u00faa desaparecido.<\/p>\n","protected":false},"excerpt":{"rendered":"<p>Las autoridades forenses determinaron que el futbolista falleci\u00f3 por las lesiones en la cabeza y el tronco que sufri\u00f3 en el impacto.<\/p>\n","protected":false},"author":16,"featured_media":48528,"comment_status":"closed","ping_status":"closed","sticky":false,"template":"","format":"standard","meta":[],"categories":[2,60],"tags":[],"acf":[],"_links":{"self":[{"href":"https:\/\/colimdo.org\/wp-api\/wp\/v2\/posts\/48527"}],"collection":[{"href":"https:\/\/colimdo.org\/wp-api\/wp\/v2\/posts"}],"about":[{"href":"https:\/\/colimdo.org\/wp-api\/wp\/v2\/types\/post"}],"author":[{"embeddable":true,"href":"https:\/\/colimdo.org\/wp-api\/wp\/v2\/users\/16"}],"replies":[{"embeddable":true,"href":"https:\/\/colimdo.org\/wp-api\/wp\/v2\/comments?post=48527"}],"version-history":[{"count":1,"href":"https:\/\/colimdo.org\/wp-api\/wp\/v2\/posts\/48527\/revisions"}],"predecessor-version":[{"id":48529,"href":"https:\/\/colimdo.org\/wp-api\/wp\/v2\/posts\/48527\/revisions\/48529"}],"wp:featuredmedia":[{"embeddable":true,"href":"https:\/\/colimdo.org\/wp-api\/wp\/v2\/media\/48528"}],"wp:attachment":[{"href":"https:\/\/colimdo.org\/wp-api\/wp\/v2\/media?parent=48527"}],"wp:term":[{"taxonomy":"category","embeddable":true,"href":"https:\/\/colimdo.org\/wp-api\/wp\/v2\/categories?post=48527"},{"taxonomy":"post_tag","embeddable":true,"href":"https:\/\/colimdo.org\/wp-api\/wp\/v2\/tags?post=48527"}],"curies":[{"name":"wp","href":"https:\/\/api.w.org\/{rel}","templated":true}]}}