{"id":48533,"date":"2019-02-11T17:01:39","date_gmt":"2019-02-11T17:01:39","guid":{"rendered":"https:\/\/colimdo.org\/?p=48533"},"modified":"2019-02-11T17:01:39","modified_gmt":"2019-02-11T17:01:39","slug":"serie-del-caribe-podria-variar-formato-seguirian-seis-equipos","status":"publish","type":"post","link":"https:\/\/colimdo.org\/noticias\/serie-del-caribe-podria-variar-formato-seguirian-seis-equipos\/","title":{"rendered":"Serie del Caribe podr\u00eda variar formato, pero seguir\u00edan seis equipos"},"content":{"rendered":"<p>PANAM\u00c1 (EFE) &#8212; La Serie del Caribe podr\u00eda variar el formato de grupos utilizado en el torneo realizado esta semana en Panam\u00e1 y en el que el pa\u00eds centroamericano se coron\u00f3 campe\u00f3n al vencer a Cuba, pero se mantendr\u00eda la cantidad de seis equipos de esta vez.<\/p>\n<p>As\u00ed lo afirm\u00f3 a los periodistas el presidente de la Confederaci\u00f3n de B\u00e9isbol Profesional del Caribe (CBPC), Juan Francisco Puello Herrera, poco despu\u00e9s de realizarse la ceremonia de premiaci\u00f3n de la 61 Serie del Caribe que se celebr\u00f3 en el Estadio Rod Carew de Panam\u00e1, que a \u00faltimo hora acogi\u00f3 el torneo al no poder disputarse en Barquisimeto, Venezuela, por los problemas del pa\u00eds sudamericano.<\/p>\n<p>&#8221;Quiz\u00e1 este formato (de dos grupos) pudiera variar, pero vamos con seis equipos, si Dios quiere&#8221;, indic\u00f3.<\/p>\n<p>En relaci\u00f3n a que el torneo de este a\u00f1o se pudo efectuar por el respaldo de Panam\u00e1 que acept\u00f3 la sede, Puello asegur\u00f3 que &#8221;nunca pens\u00e9 en suspender esta serie, nunca&#8221;.<\/p>\n<p>A\u00f1adi\u00f3 que &#8221;desde el mismo momento que no se dio Venezuela empezamos a trabajar para que la serie se celebrara&#8221;, e insisti\u00f3 &#8221;que nunca dud\u00e9 ni pens\u00e9 que se iba a suspender&#8221;.<\/p>\n<p>&#8221;Logramos Panam\u00e1, creo que esto ha sido un \u00e9xito, sin lugar a dudas, hemos sembrado una semilla que en poco tiempo debe dar su resultado. Vamos a cosechar ahora algo importante aqu\u00ed en Panam\u00e1&#8221;, agreg\u00f3.<\/p>\n<p>Sobre la posibilidad de que Panam\u00e1 se incorpore como miembro permanente de la Serie del Caribe luego de evaluarse su actuaci\u00f3n en este torneo que conquist\u00f3, Puello aclar\u00f3 &#8221;no iba a depender de este torneo, de ninguna manera&#8221;.<\/p>\n<p>&#8221;Panam\u00e1 es un proyecto, y de ninguna manera (guarda relaci\u00f3n con esta serie) porque esto fue circunstancial, Panam\u00e1 es un proyecto que tiene el Comisionado igual que otros pa\u00edses, pero claro, esto allana un poco el camino al proyecto que tiene el Comisionado&#8221;.<\/p>\n<p>Explic\u00f3 que esto es as\u00ed &#8221;porque realmente en este poco tiempo se ha demostrado que hay una vocaci\u00f3n de que Panam\u00e1 pueda ser miembro de la Confederaci\u00f3n&#8221;.<\/p>\n<p>Poco antes de hablar con los periodistas, y mientras presid\u00eda el acto de clausura del torneo, desde las tribunas los fan\u00e1ticos que asistieron a la final coreaban el grito &#8221;que les paguen, que les paguen&#8221;, en alusi\u00f3n a la falta de un premio en met\u00e1lico para el equipo ganador y el subcampe\u00f3n, Cuba.<\/p>\n<p>Puello no evadi\u00f3 el asunto, y aunque dijo que &#8221;nada&#8221; ten\u00eda que decir del pol\u00e9mico asunto, resalt\u00f3 que &#8221;esto no es competencia de la Confederaci\u00f3n de B\u00e9isbol Profesional del Caribe&#8221;, sino de la Confederaci\u00f3n de Peloteros Profesionales del Caribe, con la cual, dijo, hay un acuerdo que &#8221;no lo puedo violar&#8221;.<\/p>\n<p>&#8221;Si fuera por m\u00ed qu\u00e9 dir\u00eda, bueno lo justo, lo equitativo es esto, pero yo no puedo violar un acuerdo, los acuerdos son la ley de las partes, y en este caso tenemos un acuerdo con la Confederaci\u00f3n de Peloteros Profesionales del Caribe que hay que cumplir, y ellos tienen un sindicato&#8221;, manifest\u00f3.<\/p>\n<p>Asegur\u00f3 que de ceder en esto la Confederaci\u00f3n \u00e9l no se hubiera opuesto, &#8221;pero es un asunto de un acuerdo que no puedo romper&#8221;, zanj\u00f3 sin brindar m\u00e1s detalles.<\/p>\n<p>Panam\u00e1 se coron\u00f3 este domingo campe\u00f3n de la versi\u00f3n 61 de la Serie del Caribe, al derrotar 3 carreras por 1 a Cuba, rompiendo con esto una hegemon\u00eda cubana de tres t\u00edtulos en las finales realizadas en este pa\u00eds anteriormente.<\/p>\n","protected":false},"excerpt":{"rendered":"<p>La Serie del Caribe podr\u00eda variar el formato de grupos utilizado en el torneo realizado esta semana en Panam\u00e1, aunque la intenci\u00f3n es que se mantengan  la cantidad de seis equipos que participaron en la edici\u00f3n de este a\u00f1o.<\/p>\n","protected":false},"author":16,"featured_media":48534,"comment_status":"closed","ping_status":"closed","sticky":false,"template":"","format":"standard","meta":[],"categories":[2,60],"tags":[],"acf":[],"_links":{"self":[{"href":"https:\/\/colimdo.org\/wp-api\/wp\/v2\/posts\/48533"}],"collection":[{"href":"https:\/\/colimdo.org\/wp-api\/wp\/v2\/posts"}],"about":[{"href":"https:\/\/colimdo.org\/wp-api\/wp\/v2\/types\/post"}],"author":[{"embeddable":true,"href":"https:\/\/colimdo.org\/wp-api\/wp\/v2\/users\/16"}],"replies":[{"embeddable":true,"href":"https:\/\/colimdo.org\/wp-api\/wp\/v2\/comments?post=48533"}],"version-history":[{"count":1,"href":"https:\/\/colimdo.org\/wp-api\/wp\/v2\/posts\/48533\/revisions"}],"predecessor-version":[{"id":48535,"href":"https:\/\/colimdo.org\/wp-api\/wp\/v2\/posts\/48533\/revisions\/48535"}],"wp:featuredmedia":[{"embeddable":true,"href":"https:\/\/colimdo.org\/wp-api\/wp\/v2\/media\/48534"}],"wp:attachment":[{"href":"https:\/\/colimdo.org\/wp-api\/wp\/v2\/media?parent=48533"}],"wp:term":[{"taxonomy":"category","embeddable":true,"href":"https:\/\/colimdo.org\/wp-api\/wp\/v2\/categories?post=48533"},{"taxonomy":"post_tag","embeddable":true,"href":"https:\/\/colimdo.org\/wp-api\/wp\/v2\/tags?post=48533"}],"curies":[{"name":"wp","href":"https:\/\/api.w.org\/{rel}","templated":true}]}}