{"id":48536,"date":"2019-02-11T17:10:36","date_gmt":"2019-02-11T17:10:36","guid":{"rendered":"https:\/\/colimdo.org\/?p=48536"},"modified":"2019-02-11T17:10:36","modified_gmt":"2019-02-11T17:10:36","slug":"seleccion-rd-convoca-jugadores-del-cibao-fc-juego-guadalupe","status":"publish","type":"post","link":"https:\/\/colimdo.org\/noticias\/seleccion-rd-convoca-jugadores-del-cibao-fc-juego-guadalupe\/","title":{"rendered":"Selecci\u00f3n RD convoca jugadores del Cibao FC para juego contra Guadalupe"},"content":{"rendered":"<p class=\"x_MsoNormal\">SANTIAGO. &#8211; Siete jugadores del Cibao FC fueron convocados para la Selecci\u00f3n Absoluta de la Rep\u00fablica Dominicana, con miras al encuentro amistoso del pr\u00f3ximo s\u00e1bado, cuando se enfrentar\u00e1n con Guadalupe en la bombonera de la Pontificia Universidad Cat\u00f3lica Madre y Maestra.<\/p>\n<p class=\"x_MsoNormal\">El Director T\u00e9cnico del seleccionado nacional, Orlando Capellino, escogi\u00f3 a 18 jugadores, incluyendo algunos que residen fuera del pa\u00eds.<\/p>\n<p class=\"x_MsoNormal\">Rep\u00fablica Dominicana y Guadalupe chocar\u00e1n el s\u00e1bado a las 8:00 de la noche en el estadio del Cibao FC en la PUCMM.<\/p>\n<p class=\"x_MsoNormal\">Los guardametas Miguel Lloyd y Fernando (Fandy) Madera, ambos del Cibao FC fueron convocados para cubrir la porter\u00eda del onceno tricolor.<\/p>\n<p class=\"x_MsoNormal\">Tambi\u00e9n se incluy\u00f3 en la convocatoria a Ismael D\u00edaz, una de las \u00faltimas adquisiciones del conjunto naranja, que se prepara para defender la corona de campe\u00f3n, en la Liga Dominicana de F\u00fatbol (LDF 2019), que comienza el 30 de marzo.<\/p>\n<p class=\"x_MsoNormal\">Rafael (Rafa) Flores, Edarlyn Reyes, Richard Dabas y Dorny Romero completan los siete llamado .<\/p>\n<p class=\"x_MsoNormal\">Fandy Madera y Dorny Romero recibieron su primera convocatoria al equipo de mayores y son\u00a0\u00a0producto de la cantera del Cibao FC, que los subi\u00f3 la temporada pasada\u00a0\u00a0al torneo\u00a0\u00a0de la LDF.<\/p>\n<p class=\"x_MsoNormal\">En el grupo de futbolistas figura tambi\u00e9n el nativo de Santiago, pero residente en los Estados Unidos Josh Garc\u00eda, quien militas para el Energy FC, donde debut\u00f3 con un gol.<\/p>\n<p class=\"x_MsoNormal\">Adem\u00e1s, figuran, Jairo Bueno (CD Roda, Winder Mendoza, el mae\u00f1o Jos\u00e9 Francisco, as\u00ed como Marvin Viloria, del Atl\u00e9tico San Francisco, que debut\u00f3 en la LDF el pasado a\u00f1o y fueron subcampeones.<\/p>\n<p class=\"x_MsoNormal\">El veterano de la Universidad O&amp;M Wilman Modesta fue de los llamados, as\u00ed como Rudolf Gonz\u00e1lez, de Tus Koblens; Welkin Louis, del Atl\u00e1ntico FC; Fran N\u00fa\u00f1ez, del Penya Deportiva y Juan \u00c1ngeles, del Moca FC.<\/p>\n<p class=\"x_MsoNormal\">Capellino tiene como asistente a Jean Max Louis, preparador f\u00edsico a Luis Seara, entrenador de portero Ecker S\u00e1nchez, como m\u00e9dico el doctor Julio Minoso, fisioterapeuta a V\u00edctor Rodr\u00edguez y utilero a Sixto Perdomo.<\/p>\n","protected":false},"excerpt":{"rendered":"<p>Siete de los 18 jugadores que fueron convocados para este compromiso pertenecen al actual campe\u00f3n de la Liga Dominicana de F\u00fatbol (LDF).<\/p>\n","protected":false},"author":16,"featured_media":48537,"comment_status":"closed","ping_status":"closed","sticky":false,"template":"","format":"standard","meta":[],"categories":[2,60],"tags":[],"acf":[],"_links":{"self":[{"href":"https:\/\/colimdo.org\/wp-api\/wp\/v2\/posts\/48536"}],"collection":[{"href":"https:\/\/colimdo.org\/wp-api\/wp\/v2\/posts"}],"about":[{"href":"https:\/\/colimdo.org\/wp-api\/wp\/v2\/types\/post"}],"author":[{"embeddable":true,"href":"https:\/\/colimdo.org\/wp-api\/wp\/v2\/users\/16"}],"replies":[{"embeddable":true,"href":"https:\/\/colimdo.org\/wp-api\/wp\/v2\/comments?post=48536"}],"version-history":[{"count":1,"href":"https:\/\/colimdo.org\/wp-api\/wp\/v2\/posts\/48536\/revisions"}],"predecessor-version":[{"id":48538,"href":"https:\/\/colimdo.org\/wp-api\/wp\/v2\/posts\/48536\/revisions\/48538"}],"wp:featuredmedia":[{"embeddable":true,"href":"https:\/\/colimdo.org\/wp-api\/wp\/v2\/media\/48537"}],"wp:attachment":[{"href":"https:\/\/colimdo.org\/wp-api\/wp\/v2\/media?parent=48536"}],"wp:term":[{"taxonomy":"category","embeddable":true,"href":"https:\/\/colimdo.org\/wp-api\/wp\/v2\/categories?post=48536"},{"taxonomy":"post_tag","embeddable":true,"href":"https:\/\/colimdo.org\/wp-api\/wp\/v2\/tags?post=48536"}],"curies":[{"name":"wp","href":"https:\/\/api.w.org\/{rel}","templated":true}]}}