{"id":48542,"date":"2019-02-11T17:50:31","date_gmt":"2019-02-11T17:50:31","guid":{"rendered":"https:\/\/colimdo.org\/?p=48542"},"modified":"2019-02-11T17:59:47","modified_gmt":"2019-02-11T17:59:47","slug":"torneo-voleibol-playero-sera-dedicado-la-ex-seleccion-nacional-nuris-arias","status":"publish","type":"post","link":"https:\/\/colimdo.org\/noticias\/torneo-voleibol-playero-sera-dedicado-la-ex-seleccion-nacional-nuris-arias\/","title":{"rendered":"Torneo de voleibol playero ser\u00e1 dedicado a la ex selecci\u00f3n nacional Nuris Arias"},"content":{"rendered":"<p class=\"x_ydpadf73790MsoNormal\"><strong>SANTO DOMINGO.<\/strong> Nuris Arias ser\u00e1 reconocida con la dedicatoria del torneo de voleibol playero Rub\u00e9n Toyota, que ser\u00e1 parte del festival deportiva Semana Santa Hato Mayor 2019 y que se realizar\u00e1 del 19 al 21 de abril en las canchas de arenas del Rancho Tur\u00edstico Do\u00f1a Callita.<\/p>\n<p class=\"x_ydpadf73790MsoNormal\">Arias se une a H\u00e9ctor \u2013El Vikingo- Monegro como los homenajeados en el torneo de voleibol y baloncesto playero, en su 25 aniversario. La justa incluye adem\u00e1s competencia en s\u00f3ftbol, domin\u00f3 y billar.<\/p>\n<p class=\"x_ydpadf73790MsoNormal\">Inicia con la tradicional caminata que tendr\u00e1 lugar el s\u00e1bado 13 de abril, saliendo desde las oficinas del Codephram hasta el Manchado, por la salud, la familia y la preservaci\u00f3n de medio ambiente.<\/p>\n<p class=\"x_ydpadf73790MsoNormal\">En esa misma fecha tendr\u00e1 lugar la tradicional feria para personas con Discapacidad, que convoca a ciento de personas de la provincia y que incluye juegos recreativos y competencias deportivas.<\/p>\n<p class=\"x_ydpadf73790MsoNormal\">Por ser el 15 aniversario de su fundaci\u00f3n incluye una semana aniversario con presentaciones art\u00edsticas, deportivas y culturales en el parque central de Hato Mayor del Rey.<\/p>\n<p class=\"x_ydpadf73790MsoNormal\">\u201cAgradezco la dedicatoria ya que eso me hace parte de un gran elenco de homenajeados, jugadores y jugadoras que han sido de preferencia en la fanaticada del voleibol dominicano\u201d, afirm\u00f3 Arias al conocer la informaci\u00f3n.<\/p>\n<p class=\"x_ydpadf73790MsoNormal\">\u201cCon esta dedicatoria el voleibol playero de Hato Mayor cumple parte de su cometido, que es reconocer atletas que por sus brillantes jugadas en eventos nacionales y playas extranjeras, sean adue\u00f1ado del coraz\u00f3n de miles de seguidores de esta disciplina\u201d, afirm\u00f3 el senador Rub\u00e9n Dar\u00edo Cruz, (Rub\u00e9n Toyota\u201d, presidente del comit\u00e9 organizador y mentor del evento que lleva su nombre.<\/p>\n<p class=\"x_ydpadf73790MsoNormal\">Record\u00f3 que Arias fue de las primeras jugadoras en reforzar en el extranjero, dejando escrito su nombre con letras de oro en la historia del voleibol en Jap\u00f3n en el club Pioneer, e Italia, donde fue clave en los clubes Palermo, R\u00edo Marci, R\u00edo Pavia, Conegliano, Aragona, Forl\u00ed y en Espa\u00f1a con la Universidad de Burgos.<\/p>\n<p class=\"x_ydpadf73790MsoNormal\">Durante 15 a\u00f1os Arias fue parte del seleccionado nacional de mayores, fruto del trabajo que hicieron en su formaci\u00f3n \u00a0Jorge P\u00e9rez Vento y Mayo Sibilia en su formaci\u00f3n como atleta del aro y la red en la d\u00e9cada del 1990.<\/p>\n<p class=\"x_ydpadf73790MsoNormal\">Con varias medallas de oro, plata y bronce, como parte de las selecciones juveniles y de mayores, Arias se considera realizada en el voleibol a espera que las nuevas generaciones sigan el camino trazado y sumen m\u00e9ritos para el pa\u00eds.<\/p>\n<p class=\"x_ydpadf73790MsoNormal\">\u201cEstoy agradecida y me siento complacida, porque ello honra a mi familia y espero que sea un est\u00edmulo para las nuevas generaciones del voleibol\u201d, acot\u00f3 la ex selecci\u00f3n nacional, al tiempo que pidi\u00f3 a Dios de larga vida a los organizadores, \u201cpara que sigan reconociendo a quienes lo han dado todo en las canchas nacionales e internacionales.<\/p>\n","protected":false},"excerpt":{"rendered":"<p>Arias se une a H\u00e9ctor \u2013El Vikingo- Monegro como los homenajeados en el torneo de voleibol y baloncesto playero, en su 25 aniversario. La justa incluye adem\u00e1s competencia en s\u00f3ftbol, domin\u00f3 y billar.<\/p>\n","protected":false},"author":16,"featured_media":48547,"comment_status":"closed","ping_status":"closed","sticky":false,"template":"","format":"standard","meta":[],"categories":[2,60],"tags":[],"acf":[],"_links":{"self":[{"href":"https:\/\/colimdo.org\/wp-api\/wp\/v2\/posts\/48542"}],"collection":[{"href":"https:\/\/colimdo.org\/wp-api\/wp\/v2\/posts"}],"about":[{"href":"https:\/\/colimdo.org\/wp-api\/wp\/v2\/types\/post"}],"author":[{"embeddable":true,"href":"https:\/\/colimdo.org\/wp-api\/wp\/v2\/users\/16"}],"replies":[{"embeddable":true,"href":"https:\/\/colimdo.org\/wp-api\/wp\/v2\/comments?post=48542"}],"version-history":[{"count":1,"href":"https:\/\/colimdo.org\/wp-api\/wp\/v2\/posts\/48542\/revisions"}],"predecessor-version":[{"id":48544,"href":"https:\/\/colimdo.org\/wp-api\/wp\/v2\/posts\/48542\/revisions\/48544"}],"wp:featuredmedia":[{"embeddable":true,"href":"https:\/\/colimdo.org\/wp-api\/wp\/v2\/media\/48547"}],"wp:attachment":[{"href":"https:\/\/colimdo.org\/wp-api\/wp\/v2\/media?parent=48542"}],"wp:term":[{"taxonomy":"category","embeddable":true,"href":"https:\/\/colimdo.org\/wp-api\/wp\/v2\/categories?post=48542"},{"taxonomy":"post_tag","embeddable":true,"href":"https:\/\/colimdo.org\/wp-api\/wp\/v2\/tags?post=48542"}],"curies":[{"name":"wp","href":"https:\/\/api.w.org\/{rel}","templated":true}]}}