{"id":48561,"date":"2019-02-12T01:44:33","date_gmt":"2019-02-12T01:44:33","guid":{"rendered":"https:\/\/colimdo.org\/?p=48561"},"modified":"2019-02-12T01:44:54","modified_gmt":"2019-02-12T01:44:54","slug":"losos-muniz-santos-encabezan-lista-premiados-gala-olimpica","status":"publish","type":"post","link":"https:\/\/colimdo.org\/noticias\/losos-muniz-santos-encabezan-lista-premiados-gala-olimpica\/","title":{"rendered":"Losos de Mu\u00f1iz y Santos encabezan lista de premiados en Gala Ol\u00edmpica"},"content":{"rendered":"<p><strong>SANTO DOMINGO.<\/strong>&#8211; Yvonne Losos de Mu\u00f1iz y \u00a0Luguel\u00edn Santos, medallistas de oro en los Juegos Centroamericanos y del Caribe de Barranquilla, encabezan una lista de los primeros diez atletas que ser\u00e1n premiados en la \u201cGran Gala Ol\u00edmpica\u201d que ser\u00e1 celebrada el mi\u00e9rcoles 20 de febrero pr\u00f3ximo.<\/p>\n<p>Losos de Mu\u00f1iz, ganadora de dos medallas de oro en los pasados Juegos de Barranquilla, ser\u00e1 premiada como la Atleta del A\u00f1o en Ecuestre, en tanto que Santos, un especialista de los 400 metros lisos, ser\u00e1 galardonado como Atleta del A\u00f1o de la Federaci\u00f3n Dominicana de Atletismo.<\/p>\n<p>Tambi\u00e9n ser\u00e1n premiados C\u00e9sar Brito como Atleta del A\u00f1o, en b\u00e1dminton; Jeniffer Mar\u00eda Alm\u00e1nzar V\u00e1squez, en ajedrez; Anny Stefany Jerez Rosario, en arquer\u00eda; V\u00edctor Liz, en baloncesto; Jorge Luis Manzanillo Perdomo en balonmano; Manuel Beltr\u00e9 Rivas, en b\u00e9isbol; Rodr\u00edguez Marte, en boxeo; y Augusto S\u00e1nchez Beriguete, en ciclismo.<\/p>\n<p>Un total de 37 atletas rebir\u00e1n estatuillas como los atletas m\u00e1s sobresalientes en sus respectivas disciplinas. Tambi\u00e9n se entregar\u00e1n dos reconocimientos, uno en medicina del deporte y el otro en arte y cultura.<\/p>\n<p>La \u201cGran Gala Ol\u00edmpica\u201d del Comit\u00e9 Ol\u00edmpico Dominicano (COD) que ser\u00e1 celebrada el mi\u00e9rcoles, 20 de febrero pr\u00f3ximo, en el gran sal\u00f3n La Fiesta del Hotel Jaragua.<\/p>\n<p>La festividad iniciar\u00e1 a las 6:30 de la noche en el loby del hotel, con un coctel con los atletas, donde podr\u00e1n tomarse fotograf\u00edas y firmar aut\u00f3grafos con los deportistas, como pre\u00e1mbulo al inicio de la Gala que comenzar\u00e1 a las 7:30 de la noche para ser transmitida por televisi\u00f3n a toda la naci\u00f3n y al mundo.<\/p>\n<p>La \u201cGran Gala Ol\u00edmpica\u201d tendr\u00e1 como conductores a Yancen Pujols y Sussy Jim\u00e9nez y se efectuar\u00e1 en el Gran Sal\u00f3n La Fiesta del hotel Jaragua.<\/p>\n<p>Una nota de la Direcci\u00f3n de Prensa del COD informa que se ha preparado un gran show art\u00edstico como parte de la gran fiesta deportiva.<\/p>\n<p>La \u201cGran Gala Ol\u00edmpica\u201d es la principal fiesta deportiva del deporte dominicano, donde se premian a los atletas que m\u00e1s trascendieron durante el pasado a\u00f1o, tambi\u00e9n se aprovecha la ocasi\u00f3n para reconocer a instituciones y personalidades que han ofrecido un servicio al deporte del pa\u00eds. El evento cuenta con el respaldo del Ministerio de Deportes y la Cervecer\u00eda Nacional Dominicana.<\/p>\n","protected":false},"excerpt":{"rendered":"<p>La \u201cGran Gala Ol\u00edmpica\u201d ser\u00e1 celebrada el mi\u00e9rcoles 20 de febrero pr\u00f3ximo en el Gran Teatro del Hotel Jaragua.<\/p>\n","protected":false},"author":13,"featured_media":48562,"comment_status":"closed","ping_status":"closed","sticky":false,"template":"","format":"standard","meta":[],"categories":[2],"tags":[],"acf":[],"_links":{"self":[{"href":"https:\/\/colimdo.org\/wp-api\/wp\/v2\/posts\/48561"}],"collection":[{"href":"https:\/\/colimdo.org\/wp-api\/wp\/v2\/posts"}],"about":[{"href":"https:\/\/colimdo.org\/wp-api\/wp\/v2\/types\/post"}],"author":[{"embeddable":true,"href":"https:\/\/colimdo.org\/wp-api\/wp\/v2\/users\/13"}],"replies":[{"embeddable":true,"href":"https:\/\/colimdo.org\/wp-api\/wp\/v2\/comments?post=48561"}],"version-history":[{"count":1,"href":"https:\/\/colimdo.org\/wp-api\/wp\/v2\/posts\/48561\/revisions"}],"predecessor-version":[{"id":48563,"href":"https:\/\/colimdo.org\/wp-api\/wp\/v2\/posts\/48561\/revisions\/48563"}],"wp:featuredmedia":[{"embeddable":true,"href":"https:\/\/colimdo.org\/wp-api\/wp\/v2\/media\/48562"}],"wp:attachment":[{"href":"https:\/\/colimdo.org\/wp-api\/wp\/v2\/media?parent=48561"}],"wp:term":[{"taxonomy":"category","embeddable":true,"href":"https:\/\/colimdo.org\/wp-api\/wp\/v2\/categories?post=48561"},{"taxonomy":"post_tag","embeddable":true,"href":"https:\/\/colimdo.org\/wp-api\/wp\/v2\/tags?post=48561"}],"curies":[{"name":"wp","href":"https:\/\/api.w.org\/{rel}","templated":true}]}}