{"id":48570,"date":"2019-02-12T12:50:30","date_gmt":"2019-02-12T12:50:30","guid":{"rendered":"https:\/\/colimdo.org\/?p=48570"},"modified":"2019-02-12T12:50:41","modified_gmt":"2019-02-12T12:50:41","slug":"fedofutbol-designa-jose-luis-prida-encargado-del-programa-fifa-connect","status":"publish","type":"post","link":"https:\/\/colimdo.org\/noticias\/fedofutbol-designa-jose-luis-prida-encargado-del-programa-fifa-connect\/","title":{"rendered":"Fedofutbol designa a Jos\u00e9 Luis Prida encargado del programa \u00a0FIFA Connect"},"content":{"rendered":"<p class=\"x_gmail-m_-8607371397788151431ydp73f33bb1MsoNormal\"><span lang=\"ES-TRAD\">SANTO DOMINGO.- La Federaci\u00f3n Dominicana de F\u00fatbol (Fedofutbol) design\u00f3 al se\u00f1or Jos\u00e9 Luis Prida como encargado de la plataforma FIFA Connect para Rep\u00fablica Dominicana.<\/span><span lang=\"ES-TRAD\">\u00a0<\/span><\/p>\n<p class=\"x_gmail-m_-8607371397788151431ydp73f33bb1MsoNormal\"><span lang=\"ES-TRAD\">El programa FIFA Connect se comenzar\u00e1 a implementar en el pa\u00eds pr\u00f3ximamente y permitir\u00e1 que todos los clubes y asociaciones puedan registrar en un sistema digital toda la informaci\u00f3n relacionada con los jugadores, t\u00e9cnicos y \u00e1rbitros del pa\u00eds.<\/span><\/p>\n<p class=\"x_gmail-m_-8607371397788151431ydp73f33bb1MsoNormal\"><span lang=\"ES-TRAD\">Prida estar\u00e1 al frente de esta plataforma que la Federaci\u00f3n Internacional est\u00e1 poniendo en las manos de sus pa\u00edses miembros y que ayudar\u00e1 a organizar la data de todos los actores del f\u00fatbol de cada naci\u00f3n.<\/span><\/p>\n<p class=\"x_gmail-m_-8607371397788151431ydp73f33bb1MsoNormal\"><span lang=\"ES-TRAD\">Cada miembro que se registre recibir\u00e1 un c\u00f3digo que funcionar\u00e1 como un pasaporte digital de esa persona en el mundo del f\u00fatbol, lo que permitir\u00e1 darle seguimiento en cualquier parte del mundo que se encuentre, garantizando mayor transparencia y seguridad para cualquier traspaso entre ligas y clubes, control de registro de edades, protecci\u00f3n de menores de edad, entre otros beneficios.<\/span><\/p>\n<p class=\"x_gmail-m_-8607371397788151431ydp73f33bb1MsoNormal\"><span lang=\"ES-TRAD\">El reci\u00e9n designado Prida es un futbolista dominicano, nacido en esta capital, con ra\u00edces familiares en la ciudad de Santiago de los Caballeros. Jug\u00f3 a nivel universitario con la Universidad de Concordia, Canad\u00e1 y despu\u00e9s pas\u00f3 a jugar f\u00fatbol profesional con el club Bauger FC, en la Liga Dominicana de F\u00fatbol.<\/span><\/p>\n<p class=\"x_gmail-m_-8607371397788151431ydp73f33bb1MsoNormal\"><span lang=\"ES-TRAD\">Es graduado de econom\u00eda en la Universidad de Concordia, en Montreal, Canad\u00e1.<\/span><\/p>\n","protected":false},"excerpt":{"rendered":"<p>El programa FIFA Connect se comenzar\u00e1 a implementar en el pa\u00eds pr\u00f3ximamente y permitir\u00e1 que todos los clubes y asociaciones puedan registrar en un sistema digital toda la informaci\u00f3n relacionada con los jugadores, t\u00e9cnicos y \u00e1rbitros del pa\u00eds.<\/p>\n","protected":false},"author":16,"featured_media":48571,"comment_status":"closed","ping_status":"closed","sticky":false,"template":"","format":"standard","meta":[],"categories":[2,60],"tags":[],"acf":[],"_links":{"self":[{"href":"https:\/\/colimdo.org\/wp-api\/wp\/v2\/posts\/48570"}],"collection":[{"href":"https:\/\/colimdo.org\/wp-api\/wp\/v2\/posts"}],"about":[{"href":"https:\/\/colimdo.org\/wp-api\/wp\/v2\/types\/post"}],"author":[{"embeddable":true,"href":"https:\/\/colimdo.org\/wp-api\/wp\/v2\/users\/16"}],"replies":[{"embeddable":true,"href":"https:\/\/colimdo.org\/wp-api\/wp\/v2\/comments?post=48570"}],"version-history":[{"count":1,"href":"https:\/\/colimdo.org\/wp-api\/wp\/v2\/posts\/48570\/revisions"}],"predecessor-version":[{"id":48572,"href":"https:\/\/colimdo.org\/wp-api\/wp\/v2\/posts\/48570\/revisions\/48572"}],"wp:featuredmedia":[{"embeddable":true,"href":"https:\/\/colimdo.org\/wp-api\/wp\/v2\/media\/48571"}],"wp:attachment":[{"href":"https:\/\/colimdo.org\/wp-api\/wp\/v2\/media?parent=48570"}],"wp:term":[{"taxonomy":"category","embeddable":true,"href":"https:\/\/colimdo.org\/wp-api\/wp\/v2\/categories?post=48570"},{"taxonomy":"post_tag","embeddable":true,"href":"https:\/\/colimdo.org\/wp-api\/wp\/v2\/tags?post=48570"}],"curies":[{"name":"wp","href":"https:\/\/api.w.org\/{rel}","templated":true}]}}