{"id":48575,"date":"2019-02-12T13:30:11","date_gmt":"2019-02-12T13:30:11","guid":{"rendered":"https:\/\/colimdo.org\/?p=48575"},"modified":"2019-02-12T13:30:11","modified_gmt":"2019-02-12T13:30:11","slug":"tokio-2020-confia-terminar-las-sedes-tiempo","status":"publish","type":"post","link":"https:\/\/colimdo.org\/noticias\/tokio-2020-confia-terminar-las-sedes-tiempo\/","title":{"rendered":"Tokio 2020 conf\u00eda en terminar las sedes a tiempo"},"content":{"rendered":"<p>Tokio, 12 feb (EFE).- La organizaci\u00f3n de los Juegos Ol\u00edmpicos de Tokio 2020 afirm\u00f3 hoy que conf\u00eda en terminar la construcci\u00f3n de las nuevas sedes a tiempo para las competiciones de prueba, pese a los problemas que afectaron a varios proyectos.<\/p>\n<p>Los organizadores mostraron hoy a los medios los progresos en la construcci\u00f3n de nuevas instalaciones deportivas en la zona de la Bah\u00eda de Tokio y evaluaron el estado de los trabajos, cuando resta menos de a\u00f1o y medio para celebraci\u00f3n del evento ol\u00edmpico.<\/p>\n<p>Una de las obras de mayor envergadura es el nuevo Centro Acu\u00e1tico, un proyecto que se ha visto salpicado por el esc\u00e1ndalo de falseo de datos t\u00e9cnicos de sistemas antiterremoto por parte de una empresa nipona.<\/p>\n<p>El pabell\u00f3n tendr\u00e1 que reemplazar o reparar 32 dispositivos de este tipo con los que estaba equipada su estructura y que son obligatorios por ley en Jap\u00f3n, despu\u00e9s de que la empresa KYP admitiera que hab\u00eda empleado materiales irregulares en sus sistemas de protecci\u00f3n s\u00edsmica.<\/p>\n<p>Este imprevisto &#8220;no afectar\u00e1 al programa original&#8221;, que incluye terminar el Centro Acu\u00e1tico en febrero de 2020 y acoger competiciones de prueba en abril del mismo a\u00f1o, previos a la competici\u00f3n oficial, seg\u00fan dijo en declaraciones a Efe el responsable de planificaci\u00f3n y desarrollo de las sedes, Takahiro Otani .<\/p>\n<p>El alto funcionario a\u00f1adi\u00f3 que la protecci\u00f3n antiterremotos &#8220;estar\u00e1 garantizada al 100 por cien&#8221; para estas instalaciones, que tendr\u00e1n capacidad para 15.000 personas, y en las que se celebrar\u00e1n las pruebas ol\u00edmpicas de nataci\u00f3n, nataci\u00f3n sincronizada y salto de trampol\u00edn.<\/p>\n<p>Hasta ahora se ha completado un 55 por ciento de la construcci\u00f3n de este complejo de deportes acu\u00e1ticos, lo que significa que sus obras avanzan m\u00e1s lentas que otras debido a su enorme magnitud (65.000 metros cuadrados, dos piscinas ol\u00edmpicas y otra para salto con trampol\u00edn).<\/p>\n<div class=\"caas-readmore caas-button-full-width caas-readmore-collapse\"><\/div>\n","protected":false},"excerpt":{"rendered":"<p>Los organizadores mostraron hoy a los medios los progresos en la construcci\u00f3n de nuevas instalaciones deportivas en la zona de la Bah\u00eda de Tokio y evaluaron el estado de los trabajos, cuando resta menos de a\u00f1o y medio para celebraci\u00f3n del evento ol\u00edmpico.<\/p>\n","protected":false},"author":16,"featured_media":48576,"comment_status":"closed","ping_status":"closed","sticky":false,"template":"","format":"standard","meta":[],"categories":[2,60],"tags":[],"acf":[],"_links":{"self":[{"href":"https:\/\/colimdo.org\/wp-api\/wp\/v2\/posts\/48575"}],"collection":[{"href":"https:\/\/colimdo.org\/wp-api\/wp\/v2\/posts"}],"about":[{"href":"https:\/\/colimdo.org\/wp-api\/wp\/v2\/types\/post"}],"author":[{"embeddable":true,"href":"https:\/\/colimdo.org\/wp-api\/wp\/v2\/users\/16"}],"replies":[{"embeddable":true,"href":"https:\/\/colimdo.org\/wp-api\/wp\/v2\/comments?post=48575"}],"version-history":[{"count":1,"href":"https:\/\/colimdo.org\/wp-api\/wp\/v2\/posts\/48575\/revisions"}],"predecessor-version":[{"id":48577,"href":"https:\/\/colimdo.org\/wp-api\/wp\/v2\/posts\/48575\/revisions\/48577"}],"wp:featuredmedia":[{"embeddable":true,"href":"https:\/\/colimdo.org\/wp-api\/wp\/v2\/media\/48576"}],"wp:attachment":[{"href":"https:\/\/colimdo.org\/wp-api\/wp\/v2\/media?parent=48575"}],"wp:term":[{"taxonomy":"category","embeddable":true,"href":"https:\/\/colimdo.org\/wp-api\/wp\/v2\/categories?post=48575"},{"taxonomy":"post_tag","embeddable":true,"href":"https:\/\/colimdo.org\/wp-api\/wp\/v2\/tags?post=48575"}],"curies":[{"name":"wp","href":"https:\/\/api.w.org\/{rel}","templated":true}]}}