{"id":48598,"date":"2019-02-12T19:51:31","date_gmt":"2019-02-12T19:51:31","guid":{"rendered":"https:\/\/colimdo.org\/?p=48598"},"modified":"2019-02-12T19:54:07","modified_gmt":"2019-02-12T19:54:07","slug":"luis-mejia-documental-barranquilla-rd-107-dejar-una-constancia-permanezcan-tiempo","status":"publish","type":"post","link":"https:\/\/colimdo.org\/noticias\/luis-mejia-documental-barranquilla-rd-107-dejar-una-constancia-permanezcan-tiempo\/","title":{"rendered":"Luis Mej\u00eda sobre documental \u201cBarranquilla RD 107\u201d: \u201cHay que dejar una constancia que permanezcan en el tiempo\u201d"},"content":{"rendered":"<p class=\"x_ydpc5bdd052yiv9028755179ydpe1f0afc2MsoNoSpacing\"><span lang=\"ES-TRAD\">SANTO DOMINGO. \u201cHay que dejar constancia de los hechos para que permanezcan en con el tiempo\u201d, afirm\u00f3 Luis Mej\u00eda, presidente del Comit\u00e9 Ol\u00edmpico Dominicano, en el acto de presentaci\u00f3n del documental \u201cBarranquilla RD 107\u201d, un testimonio basado en la actuaci\u00f3n de la Rep\u00fablica Dominicana en los XXIII Juegos Centroamericanos y del Caribe efectuados del 19 de julio al 3 de agosto del a\u00f1o pasado.<\/span><\/p>\n<p class=\"x_ydpc5bdd052yiv9028755179ydpe1f0afc2MsoNoSpacing\"><span lang=\"ES-TRAD\">En un acto celebrado la noche de este lunes en el sal\u00f3n del Pabell\u00f3n de la Fama del Deporte Dominicano, Mej\u00eda vio con anuencia el documental e insisti\u00f3 en que la historia \u201cdebe ser documentada\u201d para que no desaparezca con el paso de los a\u00f1os. \u201cLa verdad es que hay que dejar constancia de estos hechos\u201d, a\u00f1adi\u00f3 el principal dirigente deportivo dominicano.<\/span><\/p>\n<p class=\"x_ydpc5bdd052yiv9028755179ydpe1f0afc2MsoNoSpacing\"><span lang=\"ES-TRAD\">En iguales t\u00e9rminos se expres\u00f3 el Ministro de Deportes, Danilo D\u00edaz, quien afirm\u00f3 que el documental \u201ces una excelente plataforma para dar a conocer los \u00e9xitos deportivos alcanzados por el pa\u00eds en los Juegos de Barranquilla\u201d.<\/span><\/p>\n<p class=\"x_ydpc5bdd052yiv9028755179ydpe1f0afc2MsoNoSpacing\"><span lang=\"ES-TRAD\">\u201cEste documento debe servir de motivaci\u00f3n para las presentes y futuras generaciones\u201d, expres\u00f3 D\u00edaz en su discurso.<\/span><\/p>\n<p class=\"x_ydpc5bdd052yiv9028755179ydpe1f0afc2MsoNoSpacing\"><span lang=\"ES-TRAD\">Recomend\u00f3 subir a las p\u00e1ginas web, portales y las redes, el documental \u201cBarranquilla RD107\u201d, a los fines de que los dominicanos, dentro y fuera del pa\u00eds puedan ver la haza\u00f1a de los deportistas dominicanos.<\/span><\/p>\n<p class=\"x_ydpc5bdd052yiv9028755179ydpe1f0afc2MsoNoSpacing\"><span lang=\"ES-TRAD\">En el acto tambi\u00e9n hizo uso de la palabra el productor H\u00e9ctor J. Cruz, que hizo hincapi\u00e9 en que hay que preservar estos hechos. \u201cHay que registrar todos los acontecimientos (deportivos) para que permanezcan en el tiempo\u201d, dijo Cruz, en sus palabras de apertura del documental de cerca de una hora de duraci\u00f3n.<\/span><\/p>\n<p><span lang=\"ES-TRAD\">El documental \u201cBarranquilla RD 107\u201d fue producido por la empresa CinePlus,\u00a0 y tiene como productor ejecutivo el periodista H\u00e9ctor J. Cruz, con la participaci\u00f3n de un peque\u00f1o grupo de profesionales. La periodista Carmen Aybar funge como asistente de producci\u00f3n y puso su voz. El texto corresponde a Ram\u00f3n Rodr\u00edguez y la edici\u00f3n a Jonathan Reyes.<\/span><\/p>\n<p><span lang=\"ES-TRAD\">En la actividad tambi\u00e9n habl\u00f3 Edwin Rodr\u00edguez, quien fue el Jefe de Misi\u00f3n. Agradeci\u00f3 el esfuerzo de los deportistas dominicanos. \u201cHoy nos sentimos orgullosos de todos ustedes (los atletas)\u201d, dijo emocionado Rodr\u00edguez.<\/span><\/p>\n<p><span lang=\"ES-TRAD\">De su lado, la voleibolista Priscila Rivera, integrante del equipo \u201cReinas del Caribe\u201d que gan\u00f3 medalla de oro, dijo las palabras de agradecimiento, al tiempo de elogiar el documental. \u201cTendr\u00e9 algo que mostrar a mis hijos\u201d, expres\u00f3 Rivera al referirse al documental.<\/span><\/p>\n<p><span lang=\"ES-TRAD\">Una serie de personalidades, entre las que se encontraban Vitelio Mej\u00eda, presidente de la Liga Dominicana de B\u00e9isbol; Jos\u00e9 Joaqu\u00edn Puello, presidente AdVitam del COD; Persio Maldonado, director del peri\u00f3dico Nuevo Diario; Ram\u00f3n Cuello, presidente de la Asociaci\u00f3n de Cronistas Deportivos de Santo Domingo; Carlos Lamarcha Rey, Rafael Damir\u00f3n, Josel\u00edn rodr\u00edguez Conde; Tony Pi\u00f1a, Fernando Rodr\u00edguez; Atilio de Fr\u00edas, miembros del Sal\u00f3n de la Fama del Deporte Dominicano y su presidente Dionisio Guzm\u00e1n; Crist\u00f3bal Marte Hoffiz, presidente de la Norceca; Luis Ram\u00f3n Cordero, Gilberto Garc\u00eda, secretario del COD, Jos\u00e9 Luis Ram\u00edrez, Rafael Uribe, tambi\u00e9n directivos del COD.<\/span><\/p>\n<p><span lang=\"ES-TRAD\">Tambi\u00e9n estuvieron presentes cientos de atletas de las diferentes disciplinas que participaron en los Juegos Centroamericanos y del Caribe de Barranquilla.<\/span><\/p>\n<p><span lang=\"ES-TRAD\">El acto fue conducido por Lalo Rodr\u00edguez, quien tambi\u00e9n trabaj\u00f3 en el mercadeo del documental.<\/span><\/p>\n","protected":false},"excerpt":{"rendered":"<p>Mej\u00eda vio con anuencia el documental e insisti\u00f3 en que la historia \u201cdebe ser documentada\u201d para que no desaparezca con el paso de los a\u00f1os. \u201cLa verdad es que hay que dejar constancia de estos hechos\u201d, a\u00f1adi\u00f3 el principal dirigente deportivo dominicano.<\/p>\n","protected":false},"author":16,"featured_media":48599,"comment_status":"closed","ping_status":"closed","sticky":false,"template":"","format":"standard","meta":[],"categories":[2,60],"tags":[],"acf":[],"_links":{"self":[{"href":"https:\/\/colimdo.org\/wp-api\/wp\/v2\/posts\/48598"}],"collection":[{"href":"https:\/\/colimdo.org\/wp-api\/wp\/v2\/posts"}],"about":[{"href":"https:\/\/colimdo.org\/wp-api\/wp\/v2\/types\/post"}],"author":[{"embeddable":true,"href":"https:\/\/colimdo.org\/wp-api\/wp\/v2\/users\/16"}],"replies":[{"embeddable":true,"href":"https:\/\/colimdo.org\/wp-api\/wp\/v2\/comments?post=48598"}],"version-history":[{"count":2,"href":"https:\/\/colimdo.org\/wp-api\/wp\/v2\/posts\/48598\/revisions"}],"predecessor-version":[{"id":48601,"href":"https:\/\/colimdo.org\/wp-api\/wp\/v2\/posts\/48598\/revisions\/48601"}],"wp:featuredmedia":[{"embeddable":true,"href":"https:\/\/colimdo.org\/wp-api\/wp\/v2\/media\/48599"}],"wp:attachment":[{"href":"https:\/\/colimdo.org\/wp-api\/wp\/v2\/media?parent=48598"}],"wp:term":[{"taxonomy":"category","embeddable":true,"href":"https:\/\/colimdo.org\/wp-api\/wp\/v2\/categories?post=48598"},{"taxonomy":"post_tag","embeddable":true,"href":"https:\/\/colimdo.org\/wp-api\/wp\/v2\/tags?post=48598"}],"curies":[{"name":"wp","href":"https:\/\/api.w.org\/{rel}","templated":true}]}}