{"id":48636,"date":"2019-02-13T15:23:51","date_gmt":"2019-02-13T15:23:51","guid":{"rendered":"https:\/\/colimdo.org\/?p=48636"},"modified":"2019-02-13T15:23:51","modified_gmt":"2019-02-13T15:23:51","slug":"red-bull-desvela-nuevo-coche-la-temporada-la-f-1","status":"publish","type":"post","link":"https:\/\/colimdo.org\/noticias\/red-bull-desvela-nuevo-coche-la-temporada-la-f-1\/","title":{"rendered":"Red Bull desvela su nuevo coche para la temporada de la F-1"},"content":{"rendered":"<p class=\"canvas-atom canvas-text Mb(1.0em) Mb(0)--sm Mt(0.8em)--sm\">Londres, 13 feb (EFE).- La escuder\u00eda de F\u00f3rmula Uno Red Bull desvel\u00f3 este mi\u00e9rcoles las primeras im\u00e1genes de su monoplaza para la temporada 2019, el RB15.<\/p>\n<p class=\"canvas-atom canvas-text Mb(1.0em) Mb(0)--sm Mt(0.8em)--sm\">Este b\u00f3lido ser\u00e1 el primero de Red Bull en su nueva alianza con los motores Honda y con Aston Martin como patrocinador.<\/p>\n<p class=\"canvas-atom canvas-text Mb(1.0em) Mb(0)--sm Mt(0.8em)--sm\">El coche ha sido filmado por primera vez en el circuito brit\u00e1nico de Silverstone, donde Max Verstappen y Pierre Gasly, los dos pilotos oficiales del equipo, se han puesto a los mandos.<\/p>\n<p class=\"canvas-atom canvas-text Mb(1.0em) Mb(0)--sm Mt(0.8em)--sm\">Verstappen tratar\u00e1 de devolver a Red Bull a la senda del triunfo que la marca austr\u00edaca sostuvo con el alem\u00e1n Sebastian Vettel.<\/p>\n<p class=\"canvas-atom canvas-text Mb(1.0em) Mb(0)--sm Mt(0.8em)--sm\">Entre 2010 y 2013, Red Bull monopoliz\u00f3 los cuatro campeonatos de pilotos y de escuder\u00edas y a partir de 2014, con la marcha de Vettel, los austr\u00edacos han entrado en un bache del que esperan salir con la nueva alianza con Honda.<\/p>\n","protected":false},"excerpt":{"rendered":"<p>Este b\u00f3lido ser\u00e1 el primero de Red Bull en su nueva alianza con los motores Honda y con Aston Martin como patrocinador.<\/p>\n","protected":false},"author":16,"featured_media":48637,"comment_status":"closed","ping_status":"closed","sticky":false,"template":"","format":"standard","meta":[],"categories":[2,60],"tags":[],"acf":[],"_links":{"self":[{"href":"https:\/\/colimdo.org\/wp-api\/wp\/v2\/posts\/48636"}],"collection":[{"href":"https:\/\/colimdo.org\/wp-api\/wp\/v2\/posts"}],"about":[{"href":"https:\/\/colimdo.org\/wp-api\/wp\/v2\/types\/post"}],"author":[{"embeddable":true,"href":"https:\/\/colimdo.org\/wp-api\/wp\/v2\/users\/16"}],"replies":[{"embeddable":true,"href":"https:\/\/colimdo.org\/wp-api\/wp\/v2\/comments?post=48636"}],"version-history":[{"count":1,"href":"https:\/\/colimdo.org\/wp-api\/wp\/v2\/posts\/48636\/revisions"}],"predecessor-version":[{"id":48638,"href":"https:\/\/colimdo.org\/wp-api\/wp\/v2\/posts\/48636\/revisions\/48638"}],"wp:featuredmedia":[{"embeddable":true,"href":"https:\/\/colimdo.org\/wp-api\/wp\/v2\/media\/48637"}],"wp:attachment":[{"href":"https:\/\/colimdo.org\/wp-api\/wp\/v2\/media?parent=48636"}],"wp:term":[{"taxonomy":"category","embeddable":true,"href":"https:\/\/colimdo.org\/wp-api\/wp\/v2\/categories?post=48636"},{"taxonomy":"post_tag","embeddable":true,"href":"https:\/\/colimdo.org\/wp-api\/wp\/v2\/tags?post=48636"}],"curies":[{"name":"wp","href":"https:\/\/api.w.org\/{rel}","templated":true}]}}