{"id":48639,"date":"2019-02-13T15:28:32","date_gmt":"2019-02-13T15:28:32","guid":{"rendered":"https:\/\/colimdo.org\/?p=48639"},"modified":"2019-02-13T15:29:11","modified_gmt":"2019-02-13T15:29:11","slug":"seleccion-futbol-tendra-amistoso-cibao-fc-este-miercoles","status":"publish","type":"post","link":"https:\/\/colimdo.org\/noticias\/seleccion-futbol-tendra-amistoso-cibao-fc-este-miercoles\/","title":{"rendered":"Selecci\u00f3n de f\u00fatbol tendr\u00e1 hoy un amistoso con el Cibao FC"},"content":{"rendered":"<p class=\"x_gmail-m_4128839145447468341ydp305aa0e9MsoNormal\"><span lang=\"ES-TRAD\"><strong>SANTO DOMINGO<\/strong>.- La Selecci\u00f3n Nacional Absoluta de f\u00fatbol sostendr\u00e1 este mi\u00e9rcoles un partido amistoso con el equipo Cibao FC, a partir de las 8:00 de la noche, en el Estadio de Cibao FC.<\/span><\/p>\n<p class=\"x_gmail-m_4128839145447468341ydp305aa0e9MsoNormal\"><span lang=\"ES-TRAD\">El partido forma parte de los preparativos del equipo nacional, de cara al amistoso que sostendr\u00e1 con el representativo de Guadalupe que tendr\u00e1 lugar el pr\u00f3ximo s\u00e1bado.<\/span><\/p>\n<p class=\"x_gmail-m_4128839145447468341ydp305aa0e9MsoNormal\"><span lang=\"ES-TRAD\">Durante toda esta semana el equipo estar\u00e1 sometido a un intenso entrenamiento de dos sesiones diarias que tienen lugar en las facilidades del Instituto Iberia y el estadio Cibao FC, en la ciudad de Santiago.<\/span><\/p>\n<p class=\"x_gmail-m_4128839145447468341ydp305aa0e9MsoNormal\"><span lang=\"ES-TRAD\">Los entrenamientos son dirigidos por el t\u00e9cnico del seleccionado nacional de mayores, Orlando Capellino, inform\u00f3 Jorge Allen Bauger, Director de Selecciones Nacionales de la Fedofutbol, a trav\u00e9s de una nota de la Direcci\u00f3n de Prensa del organismo.<\/span><\/p>\n<p class=\"x_gmail-m_4128839145447468341ydp305aa0e9MsoNormal\"><span lang=\"ES-TRAD\">La Selecci\u00f3n Absoluta de Rep\u00fablica Dominicana sostendr\u00e1 un partido de eliminatoria de la Liga de Naciones el pr\u00f3ximo domingo, 24 de marzo ante su similar de la isla Bermuda.<\/span><\/p>\n<p class=\"x_gmail-m_4128839145447468341ydp305aa0e9MsoNormal\"><span lang=\"ES-TRAD\">Ese encuentro est\u00e1 programado para celebrarse a las 5:00 de la tarde en el Estadio Cibao FC.<\/span><\/p>\n<p class=\"x_gmail-m_4128839145447468341ydp305aa0e9MsoNormal\"><span lang=\"ES-TRAD\">El equipo dominicano ha convocado a jugadores residentes en el pa\u00eds y en otras naciones.<\/span><\/p>\n<p class=\"x_gmail-m_4128839145447468341ydp305aa0e9MsoNormal\"><span lang=\"ES-TRAD\">Entre estos jugadores figuran Manuel Lloyd, Fernando Madera, Ismael D\u00edaz, Jairo Bueno, Winder Mendoza, Edarlyn Reyes, Jos\u00e9 Francisco, Marvin Vilorio, Rafael Flores, Wilman Modesta, Josh Garc\u00eda, Rudolf Gonz\u00e1lez, Richard Dabas, Wilkin Louis, Erick Ozuna, Frank N\u00fa\u00f1ez, Juan Angeles y Dorny Romero.<\/span><\/p>\n<p class=\"x_gmail-m_4128839145447468341ydp305aa0e9MsoNormal\"><span lang=\"ES-TRAD\">El cuerpo t\u00e9cnico est\u00e1 encabezado por Orlando Capellino, asistido por Jean Max Louiw, adem\u00e1s por Luis Seara, preparador f\u00edsico; Ecker S\u00e1nchez, entrenador de porteros; el doctor Julio Mi\u00f1oso, m\u00e9dico; V\u00edctor Rodr\u00edguez, fisioterapeuta y Sixto Perdomo, utilero.<\/span><\/p>\n","protected":false},"excerpt":{"rendered":"<p>El partido forma parte de los preparativos del equipo nacional, de cara al amistoso que sostendr\u00e1 con el representativo de Guadalupe que tendr\u00e1 lugar el pr\u00f3ximo s\u00e1bado.<\/p>\n","protected":false},"author":16,"featured_media":48640,"comment_status":"closed","ping_status":"closed","sticky":false,"template":"","format":"standard","meta":[],"categories":[2,60],"tags":[],"acf":[],"_links":{"self":[{"href":"https:\/\/colimdo.org\/wp-api\/wp\/v2\/posts\/48639"}],"collection":[{"href":"https:\/\/colimdo.org\/wp-api\/wp\/v2\/posts"}],"about":[{"href":"https:\/\/colimdo.org\/wp-api\/wp\/v2\/types\/post"}],"author":[{"embeddable":true,"href":"https:\/\/colimdo.org\/wp-api\/wp\/v2\/users\/16"}],"replies":[{"embeddable":true,"href":"https:\/\/colimdo.org\/wp-api\/wp\/v2\/comments?post=48639"}],"version-history":[{"count":2,"href":"https:\/\/colimdo.org\/wp-api\/wp\/v2\/posts\/48639\/revisions"}],"predecessor-version":[{"id":48642,"href":"https:\/\/colimdo.org\/wp-api\/wp\/v2\/posts\/48639\/revisions\/48642"}],"wp:featuredmedia":[{"embeddable":true,"href":"https:\/\/colimdo.org\/wp-api\/wp\/v2\/media\/48640"}],"wp:attachment":[{"href":"https:\/\/colimdo.org\/wp-api\/wp\/v2\/media?parent=48639"}],"wp:term":[{"taxonomy":"category","embeddable":true,"href":"https:\/\/colimdo.org\/wp-api\/wp\/v2\/categories?post=48639"},{"taxonomy":"post_tag","embeddable":true,"href":"https:\/\/colimdo.org\/wp-api\/wp\/v2\/tags?post=48639"}],"curies":[{"name":"wp","href":"https:\/\/api.w.org\/{rel}","templated":true}]}}