{"id":48646,"date":"2019-02-13T16:35:08","date_gmt":"2019-02-13T16:35:08","guid":{"rendered":"https:\/\/colimdo.org\/?p=48646"},"modified":"2019-02-13T16:35:30","modified_gmt":"2019-02-13T16:35:30","slug":"fedosurf-celebrara-las-canas-surf-fest-2019-este-fin-semana","status":"publish","type":"post","link":"https:\/\/colimdo.org\/noticias\/fedosurf-celebrara-las-canas-surf-fest-2019-este-fin-semana\/","title":{"rendered":"Fedosurf celebrar\u00e1 &#8220;Las Canas Surf Fest 2019&#8221; este fin de semana"},"content":{"rendered":"<p><strong>SANTO DOMINGO<\/strong>. La Federaci\u00f3n Dominicana de Surfing celebrar\u00e1 este fin de semana el segundo circuito &#8220;Las Canas Surf Fest 2019&#8221; en el beach break &#8220;fondo arenoso&#8221; de Playa Las Canas, ubicada en Gaspar Hern\u00e1ndez, provincia Espaillat.<\/p>\n<p>Este s\u00e1bado y domingo se llevar\u00e1n a cabo en el citado escenario competencias del deporte de las olas en sus distintas categor\u00edas, tales como (Surfing, StandUp Paddleboarding, Longboarding y Bodyboard), las edades a competir podr\u00eda variar &#8220;infantil, juvenil y adultos&#8221;.<\/p>\n<p>Los mejores corredores de olas del pa\u00eds se disputar\u00e1n una plaza para formar parte de la selecci\u00f3n nacional dominicana para as\u00ed representar al pa\u00eds en los futuros torneos internacionales.<\/p>\n<p>Las inscripciones para tomar parte en el segundo evento del circuito Fedosurf cierran a las 7:00 de la noche de este viernes.<\/p>\n<p>El torneo es avalado por el Ministerio de Deportes y Recreaci\u00f3n )MIDEREC); Comit\u00e9 Ol\u00edmpico Dominicano (COD); Asociaci\u00f3n Panamericana de Surfing (PASA) y la International Surfing Association (ISA).<\/p>\n","protected":false},"excerpt":{"rendered":"<p>En el torneo, a celebrarse en Gaspar Hern\u00e1ndez, los mejores corredores de olas del pa\u00eds se disputar\u00e1n una plaza para integrar la selecci\u00f3n nacional dominicana.<\/p>\n","protected":false},"author":13,"featured_media":48647,"comment_status":"closed","ping_status":"closed","sticky":false,"template":"","format":"standard","meta":[],"categories":[2],"tags":[],"acf":[],"_links":{"self":[{"href":"https:\/\/colimdo.org\/wp-api\/wp\/v2\/posts\/48646"}],"collection":[{"href":"https:\/\/colimdo.org\/wp-api\/wp\/v2\/posts"}],"about":[{"href":"https:\/\/colimdo.org\/wp-api\/wp\/v2\/types\/post"}],"author":[{"embeddable":true,"href":"https:\/\/colimdo.org\/wp-api\/wp\/v2\/users\/13"}],"replies":[{"embeddable":true,"href":"https:\/\/colimdo.org\/wp-api\/wp\/v2\/comments?post=48646"}],"version-history":[{"count":1,"href":"https:\/\/colimdo.org\/wp-api\/wp\/v2\/posts\/48646\/revisions"}],"predecessor-version":[{"id":48648,"href":"https:\/\/colimdo.org\/wp-api\/wp\/v2\/posts\/48646\/revisions\/48648"}],"wp:featuredmedia":[{"embeddable":true,"href":"https:\/\/colimdo.org\/wp-api\/wp\/v2\/media\/48647"}],"wp:attachment":[{"href":"https:\/\/colimdo.org\/wp-api\/wp\/v2\/media?parent=48646"}],"wp:term":[{"taxonomy":"category","embeddable":true,"href":"https:\/\/colimdo.org\/wp-api\/wp\/v2\/categories?post=48646"},{"taxonomy":"post_tag","embeddable":true,"href":"https:\/\/colimdo.org\/wp-api\/wp\/v2\/tags?post=48646"}],"curies":[{"name":"wp","href":"https:\/\/api.w.org\/{rel}","templated":true}]}}