{"id":48653,"date":"2019-02-13T17:46:20","date_gmt":"2019-02-13T17:46:20","guid":{"rendered":"https:\/\/colimdo.org\/?p=48653"},"modified":"2019-02-13T17:46:20","modified_gmt":"2019-02-13T17:46:20","slug":"rafael-uribe-mundial-la-mano-esta-la-clasificacion","status":"publish","type":"post","link":"https:\/\/colimdo.org\/noticias\/rafael-uribe-mundial-la-mano-esta-la-clasificacion\/","title":{"rendered":"Rafael Uribe sobre Mundial: \u201cEn la mano de nosotros est\u00e1 la clasificaci\u00f3n\u201d"},"content":{"rendered":"<p>SANTO DOMINGO. Hanly Ram\u00edrez.- La selecci\u00f3n nacional de baloncesto de la Rep\u00fablica Dominicana tiene dos compromisos vitales en la \u00faltima ventana del clasificatorio al Mundial de Baloncesto, el 21 y 25 del presente mes en el Palacio de los Deportes Virgilio Travieso Soto, ante sus similares de Venezuela y Brasil, duelos dif\u00edciles, pero que de ganar ambos partidos dar\u00edan el boleto directo al evento a celebrarse este a\u00f1o en China.<\/p>\n<p>\u201cEntiendo que es el momento de Rep\u00fablica Dominicana ganar y tenemos que ganar los dos partidos. En la mano de nosotros est\u00e1 la clasificaci\u00f3n\u201d, dijo el presidente de la Federaci\u00f3n Dominicana de Baloncesto (FEDOMBAL), Rafael Uribe, sobre la situaci\u00f3n que enfrenta el conjunto dominicano en esta \u00faltima ventana del clasificatorio de la Copa Mundial de Baloncesto 2019 para Am\u00e9rica.<\/p>\n<p>El seleccionado nacional de mayores, posee marca de 6-4 y pelea por el mejor cuarto lugar del continente, ante Puerto Rico y Uruguay, quienes tambi\u00e9n tienen registro de 6-4. Ante esta situaci\u00f3n el conjunto tricolor debe ganar sus dos compromisos para avanzar de forma directa y no tener que depender de un segundo escenario, en el cual necesitar\u00eda vencer a Brasil y que estos \u00faltimos pierdan ante Islas V\u00edrgenes.<\/p>\n<p>El plan de Uribe y de cada miembro de la selecci\u00f3n es no llegar a ese \u00faltimo punto y saldar el compromiso de ir al mundial por sus propios medios, para lo cual seg\u00fan lo revelado por el presidente de Fedombal, se ha realizado el mayor de los esfuerzos, con el fin de integrar una plantilla con la capacidad y calidad para enfrentar este reto.<\/p>\n<p>\u201cNo dependemos de nadie y estamos haciendo todo lo humanamente posible por tener lo mejor, de lo mejor\u201d, explic\u00f3 Uribe, quien adem\u00e1s revel\u00f3 las gestiones que se realizaron para tratar de integrar a jugadores como \u00c1ngel Delgado, Eulis B\u00e1ez y Edgar Sosa.<\/p>\n<p>\u201cTuvimos varias reuniones para ver si pod\u00edamos conseguir el permiso de \u00c1ngel Delgado cuando estaba en la G-League, ya lo subieron y eso es cosa que se escapa de nuestras manos\u201d, dijo Uribe, quien se\u00f1al\u00f3 que B\u00e1ez fue impedido de participar en esta ventana, porque est\u00e1 accionando en la Euroliga y en el caso de Sosa, sigue afectado por lesiones.<\/p>\n<p>Aun con los obst\u00e1culos que se han presentado la preselecci\u00f3n dominicana ha logrado convocar \u00a0a los armadores Ronald Ram\u00f3n, Gelvis Solano y Juan Coronado; los tiradores V\u00edctor Liz y Rigoberto Mendoza; los delanteros Ronald Roberts Jr. Dagoberto Pe\u00f1a y Juan Miguel Suero; los aleros y centros \u00a0Juan Guerrero, Juan Jos\u00e9 Garc\u00eda, Eloy Vargas, Jhonatan Araujo y Brayan Mart\u00ednez y los nacionalizados Sadiel Rojas y M.J. Rhett.<\/p>\n<p>Cada uno de estos jugadores estar\u00e1 report\u00e1ndose esta semana y estar\u00e1n bajo la direcci\u00f3n del dirigente Melvyn L\u00f3pez y su equipo t\u00e9cnico, con el fin de realizar varios entrenamientos de cara a este compromiso, extern\u00f3 Uribe, quien se\u00f1al\u00f3 que el p\u00fablico dominicano debe apoyar a su equipo.<\/p>\n<p>\u201cEntendemos que todo el pueblo dominicano debe venir a apoyar a su selecci\u00f3n\u201d, concluy\u00f3 Uribe.<\/p>\n","protected":false},"excerpt":{"rendered":"<p>La selecci\u00f3n nacional de mayores se juega su pase a la Copa Mundial de Baloncesto 2019.<\/p>\n","protected":false},"author":16,"featured_media":48654,"comment_status":"closed","ping_status":"closed","sticky":false,"template":"","format":"standard","meta":[],"categories":[2,60],"tags":[],"acf":[],"_links":{"self":[{"href":"https:\/\/colimdo.org\/wp-api\/wp\/v2\/posts\/48653"}],"collection":[{"href":"https:\/\/colimdo.org\/wp-api\/wp\/v2\/posts"}],"about":[{"href":"https:\/\/colimdo.org\/wp-api\/wp\/v2\/types\/post"}],"author":[{"embeddable":true,"href":"https:\/\/colimdo.org\/wp-api\/wp\/v2\/users\/16"}],"replies":[{"embeddable":true,"href":"https:\/\/colimdo.org\/wp-api\/wp\/v2\/comments?post=48653"}],"version-history":[{"count":1,"href":"https:\/\/colimdo.org\/wp-api\/wp\/v2\/posts\/48653\/revisions"}],"predecessor-version":[{"id":48655,"href":"https:\/\/colimdo.org\/wp-api\/wp\/v2\/posts\/48653\/revisions\/48655"}],"wp:featuredmedia":[{"embeddable":true,"href":"https:\/\/colimdo.org\/wp-api\/wp\/v2\/media\/48654"}],"wp:attachment":[{"href":"https:\/\/colimdo.org\/wp-api\/wp\/v2\/media?parent=48653"}],"wp:term":[{"taxonomy":"category","embeddable":true,"href":"https:\/\/colimdo.org\/wp-api\/wp\/v2\/categories?post=48653"},{"taxonomy":"post_tag","embeddable":true,"href":"https:\/\/colimdo.org\/wp-api\/wp\/v2\/tags?post=48653"}],"curies":[{"name":"wp","href":"https:\/\/api.w.org\/{rel}","templated":true}]}}