{"id":48656,"date":"2019-02-13T17:59:38","date_gmt":"2019-02-13T17:59:38","guid":{"rendered":"https:\/\/colimdo.org\/?p=48656"},"modified":"2019-02-13T17:59:44","modified_gmt":"2019-02-13T17:59:44","slug":"fijan-primera-reunion-los-juegos-nacionales-valdesia-2020","status":"publish","type":"post","link":"https:\/\/colimdo.org\/noticias\/fijan-primera-reunion-los-juegos-nacionales-valdesia-2020\/","title":{"rendered":"Fijan primera reuni\u00f3n para los Juegos Nacionales Valdesia 2020"},"content":{"rendered":"<p><strong>SANTO DOMINGO<\/strong>.- Las autoridades y promotores de los XV Juegos Deportivos Nacionales Valdesia 2020 tendr\u00e1n su primera reuni\u00f3n el jueves, 28 de febrero, a partir de las 11:00 de la ma\u00f1ana, en los salones del Ministerio de Deportes.<\/p>\n<p><span style=\"font-style: inherit; font-weight: inherit;\">En esta primera reuni\u00f3n conjunta participar\u00e1n las autoridades de las provincias Peravia, Azua y San Jos\u00e9 de Ocoa, as\u00ed como funcionarios del Ministerio de Deportes y directivos del Comit\u00e9 Ol\u00edmpico Dominicano.<\/span><\/p>\n<p><span style=\"font-style: inherit; font-weight: inherit;\">Ello marca el inicio de los trabajos en procura de organizar y garantizar un montaje exitoso de esa justa deportiva.<\/span><\/p>\n<p><span style=\"font-style: inherit; font-weight: inherit;\">La reuni\u00f3n tendr\u00e1 lugar en el sal\u00f3n James Rodr\u00edguez, dice una nota de la Oficina de Prensa del Comit\u00e9 Ol\u00edmpico Dominicano.<\/span><\/p>\n<p><span style=\"font-style: inherit; font-weight: inherit;\">El presidente Danilo Medina otorg\u00f3 a la Regi\u00f3n Valdesia la sede de la edici\u00f3n n\u00famero 15 de los Juegos Deportivos Nacionales, mediante el decreto 447-18.<\/span><\/p>\n<p><span style=\"font-style: inherit; font-weight: inherit;\">Esa designaci\u00f3n ocurri\u00f3 durante la ceremonia de clausura de los XIV Juegos Deportivos Nacionales Hermanas Mirabal. El anuncio fue hecho por el Ministro de Deportes, Danilo D\u00edaz.<\/span><\/p>\n<p><span style=\"font-style: inherit; font-weight: inherit;\">Es la cuarta ocasi\u00f3n que los Juegos Deportivos Nacionales van a la regi\u00f3n Sur del pa\u00eds. Barahona fue la primera en presentar esta fiesta deportiva nacional en la regi\u00f3n. Esto fue en el a\u00f1o 1981 con la organizaci\u00f3n y montaje de la V edici\u00f3n, luego fueron llevados a San Crist\u00f3bal en 1987, con la VIII versi\u00f3n y despu\u00e9s a San Juan de la Maguana en 1992, con la presentaci\u00f3n de la d\u00e9cima edici\u00f3n.<\/span><\/p>\n","protected":false},"excerpt":{"rendered":"<p>El encuentro tendr\u00e1 lugar el pr\u00f3ximo jueves 28 de este mes a partir de las 11:00 de la ma\u00f1ana, en los salones del Ministerio de Deportes.<\/p>\n","protected":false},"author":13,"featured_media":48657,"comment_status":"closed","ping_status":"closed","sticky":false,"template":"","format":"standard","meta":[],"categories":[2],"tags":[],"acf":[],"_links":{"self":[{"href":"https:\/\/colimdo.org\/wp-api\/wp\/v2\/posts\/48656"}],"collection":[{"href":"https:\/\/colimdo.org\/wp-api\/wp\/v2\/posts"}],"about":[{"href":"https:\/\/colimdo.org\/wp-api\/wp\/v2\/types\/post"}],"author":[{"embeddable":true,"href":"https:\/\/colimdo.org\/wp-api\/wp\/v2\/users\/13"}],"replies":[{"embeddable":true,"href":"https:\/\/colimdo.org\/wp-api\/wp\/v2\/comments?post=48656"}],"version-history":[{"count":1,"href":"https:\/\/colimdo.org\/wp-api\/wp\/v2\/posts\/48656\/revisions"}],"predecessor-version":[{"id":48658,"href":"https:\/\/colimdo.org\/wp-api\/wp\/v2\/posts\/48656\/revisions\/48658"}],"wp:featuredmedia":[{"embeddable":true,"href":"https:\/\/colimdo.org\/wp-api\/wp\/v2\/media\/48657"}],"wp:attachment":[{"href":"https:\/\/colimdo.org\/wp-api\/wp\/v2\/media?parent=48656"}],"wp:term":[{"taxonomy":"category","embeddable":true,"href":"https:\/\/colimdo.org\/wp-api\/wp\/v2\/categories?post=48656"},{"taxonomy":"post_tag","embeddable":true,"href":"https:\/\/colimdo.org\/wp-api\/wp\/v2\/tags?post=48656"}],"curies":[{"name":"wp","href":"https:\/\/api.w.org\/{rel}","templated":true}]}}