{"id":48659,"date":"2019-02-13T18:16:02","date_gmt":"2019-02-13T18:16:02","guid":{"rendered":"https:\/\/colimdo.org\/?p=48659"},"modified":"2019-02-13T18:16:19","modified_gmt":"2019-02-13T18:16:19","slug":"cod-depositara-ofrenda-floral-este-viernes-altar-la-patria","status":"publish","type":"post","link":"https:\/\/colimdo.org\/noticias\/cod-depositara-ofrenda-floral-este-viernes-altar-la-patria\/","title":{"rendered":"COD depositar\u00e1 ofrenda floral este viernes en el Altar de la Patria"},"content":{"rendered":"<p><strong>SANTO DOMINGO<\/strong>.- El Comit\u00e9 Ol\u00edmpico Dominicano (COD) depositar\u00e1 este viernes, una ofrenda floral en el Altar de la Patria, con motivo de las festividades del Mes de la Patria.<\/p>\n<p>El acto se llevar\u00e1 a cabo a partir de las 11:00 de la ma\u00f1ana, en el Parque Independencia.<\/p>\n<p>El COD ha enviado una circular a las Federaciones Deportivas Nacionales a los fines de que participen con sus atletas en este evento que rinde homenaje a los forjadores de nuestra nacionalidad.<\/p>\n<p>Igualmente han sido invitados los dirigentes de asociaciones, clubes y ligas del Distrito Nacional.<\/p>\n<p>La circular est\u00e1 firmada por el licenciado Luis Mej\u00eda, presidente del COD y el licenciado Gilberto Garc\u00eda, Secretario General de ese organismo.<\/p>\n<p>\u201cCon motivo del \u201cMes de la Patria\u201d el Comit\u00e9 Ol\u00edmpico Dominicano les remite esta invitaci\u00f3n para participar en esta Ofrenda Floral\u201d, dice la circular que desde hace varios d\u00edas fue enviada a las diferentes entidades deportivas.<\/p>\n<p>Igualmente se han cursado invitaciones a funcionarios del Ministerio de Deportes, as\u00ed como otros organismos estatales y empresa y personalidades vinculadas al deporte.<\/p>\n<p>Se ha hecho una tradici\u00f3n que el COD participe de las festividades del Mes de la Patria depositando una Ofrenda Floral en el mausoleo donde reposan los restos de Juan Pablo Duarte, Ram\u00f3n Mat\u00edas Mella y Francisco del Rosario S\u00e1nchez.<\/p>\n","protected":false},"excerpt":{"rendered":"<p>Ser\u00e1 este viernes con motivo de las festividades del Mes de la Patria, a partir de las 11:00 de la ma\u00f1ana, en el Parque Independencia.<\/p>\n","protected":false},"author":13,"featured_media":48660,"comment_status":"closed","ping_status":"closed","sticky":false,"template":"","format":"standard","meta":[],"categories":[2],"tags":[],"acf":[],"_links":{"self":[{"href":"https:\/\/colimdo.org\/wp-api\/wp\/v2\/posts\/48659"}],"collection":[{"href":"https:\/\/colimdo.org\/wp-api\/wp\/v2\/posts"}],"about":[{"href":"https:\/\/colimdo.org\/wp-api\/wp\/v2\/types\/post"}],"author":[{"embeddable":true,"href":"https:\/\/colimdo.org\/wp-api\/wp\/v2\/users\/13"}],"replies":[{"embeddable":true,"href":"https:\/\/colimdo.org\/wp-api\/wp\/v2\/comments?post=48659"}],"version-history":[{"count":1,"href":"https:\/\/colimdo.org\/wp-api\/wp\/v2\/posts\/48659\/revisions"}],"predecessor-version":[{"id":48661,"href":"https:\/\/colimdo.org\/wp-api\/wp\/v2\/posts\/48659\/revisions\/48661"}],"wp:featuredmedia":[{"embeddable":true,"href":"https:\/\/colimdo.org\/wp-api\/wp\/v2\/media\/48660"}],"wp:attachment":[{"href":"https:\/\/colimdo.org\/wp-api\/wp\/v2\/media?parent=48659"}],"wp:term":[{"taxonomy":"category","embeddable":true,"href":"https:\/\/colimdo.org\/wp-api\/wp\/v2\/categories?post=48659"},{"taxonomy":"post_tag","embeddable":true,"href":"https:\/\/colimdo.org\/wp-api\/wp\/v2\/tags?post=48659"}],"curies":[{"name":"wp","href":"https:\/\/api.w.org\/{rel}","templated":true}]}}