{"id":48662,"date":"2019-02-13T18:29:08","date_gmt":"2019-02-13T18:29:08","guid":{"rendered":"https:\/\/colimdo.org\/?p=48662"},"modified":"2019-02-13T18:35:02","modified_gmt":"2019-02-13T18:35:02","slug":"gala-olimpica-reconocera-victor-victor-victor-figueroa","status":"publish","type":"post","link":"https:\/\/colimdo.org\/noticias\/gala-olimpica-reconocera-victor-victor-victor-figueroa\/","title":{"rendered":"Gala Ol\u00edmpica reconocer\u00e1 a V\u00edctor V\u00edctor y a V\u00edctor Figueroa"},"content":{"rendered":"<p><strong>SANTO DOMINGO<\/strong>.- El cantautor V\u00edctor V\u00edctor y el doctor V\u00edctor Figueroa ser\u00e1n reconocidos durante el ceremonial de la \u201cGran Gala Ol\u00edmpica\u201d que ser\u00e1 celebrada el mi\u00e9rcoles, 20 de febrero pr\u00f3ximo.<\/p>\n<p>V\u00edctor V\u00edctor recibir\u00e1 una placa de reconocimiento por su labor en el fomento y desarrollo del arte y la cultura, mientras que el doctor Figueroa ser\u00e1 distinguido por los servicios que ha ofrecido al deporte dominicano en su su trayectoria como profesional de la medicina.<\/p>\n<p>M\u00e1s de 30 atletas recibir\u00e1n estatuillas como los atletas m\u00e1s sobresalientes en sus respectivas disciplinas.<\/p>\n<p>La \u201cGran Gala Ol\u00edmpica\u201d del Comit\u00e9 Ol\u00edmpico Dominicano (COD) que ser\u00e1 celebrada el mi\u00e9rcoles, 20 de febrero pr\u00f3ximo, en el gran sal\u00f3n La Fiesta del Hotel Jaragua.<\/p>\n<p>La festividad iniciar\u00e1 a las 6:30 de la noche en el loby del hotel, con un coctel con los atletas, donde podr\u00e1n tomarse fotograf\u00edas y firmar aut\u00f3grafos con los deportistas, como pre\u00e1mbulo al inicio de la Gala que comenzar\u00e1 a las 7:30 de la noche para ser transmitida por televisi\u00f3n a toda la naci\u00f3n y al mundo.<\/p>\n<p>La \u201cGran Gala Ol\u00edmpica\u201d tendr\u00e1 como conductores a Yancen Pujols y Sussy Jim\u00e9nez y se efectuar\u00e1 en el Gran Sal\u00f3n La Fiesta del hotel Jaragua.<\/p>\n<p>Una nota de la Direcci\u00f3n de Prensa del COD informa que se ha preparado un gran show art\u00edstico como parte de la gran fiesta deportiva.<\/p>\n<p>La \u201cGran Gala Ol\u00edmpica\u201d es la principal fiesta deportiva del deporte dominicano, donde se premian a los atletas que m\u00e1s trascendieron durante el pasado a\u00f1o, tambi\u00e9n se aprovecha la ocasi\u00f3n para reconocer a instituciones y personalidades que han ofrecido un servicio al deporte del pa\u00eds. El evento cuenta con el respaldo del Ministerio de Deportes y la Cervecer\u00eda Nacional Dominicana.<\/p>\n","protected":false},"excerpt":{"rendered":"<p>Las dos distinciones se llevar\u00e1n a cabo como parte del programa de premiaci\u00f3n de la Gran Gala Ol\u00edmpica a celebrarse el mi\u00e9rcoles 20 de este mes.<\/p>\n","protected":false},"author":13,"featured_media":48663,"comment_status":"closed","ping_status":"closed","sticky":false,"template":"","format":"standard","meta":[],"categories":[2,60],"tags":[],"acf":[],"_links":{"self":[{"href":"https:\/\/colimdo.org\/wp-api\/wp\/v2\/posts\/48662"}],"collection":[{"href":"https:\/\/colimdo.org\/wp-api\/wp\/v2\/posts"}],"about":[{"href":"https:\/\/colimdo.org\/wp-api\/wp\/v2\/types\/post"}],"author":[{"embeddable":true,"href":"https:\/\/colimdo.org\/wp-api\/wp\/v2\/users\/13"}],"replies":[{"embeddable":true,"href":"https:\/\/colimdo.org\/wp-api\/wp\/v2\/comments?post=48662"}],"version-history":[{"count":1,"href":"https:\/\/colimdo.org\/wp-api\/wp\/v2\/posts\/48662\/revisions"}],"predecessor-version":[{"id":48664,"href":"https:\/\/colimdo.org\/wp-api\/wp\/v2\/posts\/48662\/revisions\/48664"}],"wp:featuredmedia":[{"embeddable":true,"href":"https:\/\/colimdo.org\/wp-api\/wp\/v2\/media\/48663"}],"wp:attachment":[{"href":"https:\/\/colimdo.org\/wp-api\/wp\/v2\/media?parent=48662"}],"wp:term":[{"taxonomy":"category","embeddable":true,"href":"https:\/\/colimdo.org\/wp-api\/wp\/v2\/categories?post=48662"},{"taxonomy":"post_tag","embeddable":true,"href":"https:\/\/colimdo.org\/wp-api\/wp\/v2\/tags?post=48662"}],"curies":[{"name":"wp","href":"https:\/\/api.w.org\/{rel}","templated":true}]}}