{"id":48665,"date":"2019-02-14T00:06:23","date_gmt":"2019-02-14T00:06:23","guid":{"rendered":"https:\/\/colimdo.org\/?p=48665"},"modified":"2019-02-14T00:06:30","modified_gmt":"2019-02-14T00:06:30","slug":"vuelta-ciclista-independencia-llegara-este-ano-ocoa-monte-plata","status":"publish","type":"post","link":"https:\/\/colimdo.org\/noticias\/vuelta-ciclista-independencia-llegara-este-ano-ocoa-monte-plata\/","title":{"rendered":"Vuelta Ciclista independencia llegar\u00e1 este a\u00f1o a Ocoa y Monte Plata"},"content":{"rendered":"<p><strong>SANTO DOMINGO<\/strong>. Con llegadas a provincias como San Jos\u00e9 de Ocoa y Monte Plata fue establecida la ruta que comprender\u00e1 la edici\u00f3n 40 de la Vuelta Ciclista Independencia, evento programado para efectuarse del 25 de febrero al tres de marzo en diversas localidades del pa\u00eds.<\/p>\n<p><span style=\"font-style: inherit; font-weight: inherit;\">De esta forma lo expres\u00f3, Jorge Blas D\u00edaz, presidente de la Federaci\u00f3n Dominicana de Ciclismo, quien extern\u00f3 que la jornada 40 del importante giro cicl\u00edstico iniciar\u00e1 a partir de las 9:00 de la ma\u00f1ana con una primera etapa que tendr\u00e1 su fase de conclusi\u00f3n en la provincia Ocoa, destino a donde llegar\u00e1 tras salir desde la autopista Circunvalaci\u00f3n, recorriendo las ciudades de San Crist\u00f3bal y Bani. El trayecto de competencia ser\u00e1 de 120 kil\u00f3metros.<\/span><\/p>\n<p><span style=\"font-style: inherit; font-weight: inherit;\">La segunda etapa, el d\u00eda 26 tambi\u00e9n saldr\u00e1 desde Santo Domingo con destino a La Romana, teniendo una distancia de 120 kil\u00f3metros.<\/span><\/p>\n<p><span style=\"font-style: inherit; font-weight: inherit;\">Mientras que el 27 de febrero se correr\u00e1 un circuito en la autopista El Higuero, con distancia a recorrer de 110 kil\u00f3metros. El m\u00e1s importante evento cicl\u00edstico del pa\u00eds est\u00e1 inscrito dentro de las festividades de las fiestas patrias.<\/span><\/p>\n<p><span style=\"font-style: inherit; font-weight: inherit;\">La cuarta etapa tambi\u00e9n a las 9 de la ma\u00f1ana comprender\u00e1 la ruta que partir\u00e1 desde Santo Domingo hasta Monte Plata, hecho que se convertir\u00e1 en una novedad que el evento llegue hasta all\u00ed. La distancia a recorrer ser\u00e1 de 120 kil\u00f3metros.<\/span><\/p>\n<p><span style=\"font-style: inherit; font-weight: inherit;\">En la siguiente etapa el pelot\u00f3n saldr\u00e1 desde Monte Plata con destino a San Francisco de Macor\u00eds, certamen que recorrer\u00e1 una distancia de 160 kil\u00f3metros.<\/span><\/p>\n<p><span style=\"font-style: inherit; font-weight: inherit;\">Para el dos de marzo est\u00e1 programada efectuarse la etapa de monta\u00f1a, partiendo desde Moca hacia Santiago, retornando hasta Constanza, la cual tendr\u00e1 un recorrido de 130 kil\u00f3metros.\u00a0\u00a0\u00a0<\/span><\/p>\n<p><span style=\"font-style: inherit; font-weight: inherit;\">De su lado, el d\u00eda tres concluye con un circuito de 110 kil\u00f3metros en el \u00e1rea monumental de Santiago.<\/span><\/p>\n","protected":false},"excerpt":{"rendered":"<p>El comit\u00e9 organizador dio a conocer este mi\u00e9rcoles la ruta que comprender\u00e1 la edici\u00f3n 40 del giro que arranca el 25 de este mes.<\/p>\n","protected":false},"author":13,"featured_media":48666,"comment_status":"closed","ping_status":"closed","sticky":false,"template":"","format":"standard","meta":[],"categories":[2],"tags":[],"acf":[],"_links":{"self":[{"href":"https:\/\/colimdo.org\/wp-api\/wp\/v2\/posts\/48665"}],"collection":[{"href":"https:\/\/colimdo.org\/wp-api\/wp\/v2\/posts"}],"about":[{"href":"https:\/\/colimdo.org\/wp-api\/wp\/v2\/types\/post"}],"author":[{"embeddable":true,"href":"https:\/\/colimdo.org\/wp-api\/wp\/v2\/users\/13"}],"replies":[{"embeddable":true,"href":"https:\/\/colimdo.org\/wp-api\/wp\/v2\/comments?post=48665"}],"version-history":[{"count":1,"href":"https:\/\/colimdo.org\/wp-api\/wp\/v2\/posts\/48665\/revisions"}],"predecessor-version":[{"id":48667,"href":"https:\/\/colimdo.org\/wp-api\/wp\/v2\/posts\/48665\/revisions\/48667"}],"wp:featuredmedia":[{"embeddable":true,"href":"https:\/\/colimdo.org\/wp-api\/wp\/v2\/media\/48666"}],"wp:attachment":[{"href":"https:\/\/colimdo.org\/wp-api\/wp\/v2\/media?parent=48665"}],"wp:term":[{"taxonomy":"category","embeddable":true,"href":"https:\/\/colimdo.org\/wp-api\/wp\/v2\/categories?post=48665"},{"taxonomy":"post_tag","embeddable":true,"href":"https:\/\/colimdo.org\/wp-api\/wp\/v2\/tags?post=48665"}],"curies":[{"name":"wp","href":"https:\/\/api.w.org\/{rel}","templated":true}]}}