{"id":48683,"date":"2019-02-14T11:56:22","date_gmt":"2019-02-14T11:56:22","guid":{"rendered":"https:\/\/colimdo.org\/?p=48683"},"modified":"2019-02-14T11:56:22","modified_gmt":"2019-02-14T11:56:22","slug":"neymar-psg-no-solo-equipo","status":"publish","type":"post","link":"https:\/\/colimdo.org\/noticias\/neymar-psg-no-solo-equipo\/","title":{"rendered":"Neymar: &#8220;&#8221;El PSG no soy s\u00f3lo yo, es un equipo&#8221;"},"content":{"rendered":"<p>ESPN. El lesionado astro del\u00a0Paris Saint-Germain,\u00a0Neymar, est\u00e1 convencido de que el \u00e9xito en la Champions League est\u00e1 a la vuelta de la esquina para los l\u00edderes de la Ligue 1, pero ha insistido en que \u00e9l no es el hombre principal.<\/p>\n<p>Hablando con el patrocinador Red Bull en su reciente cumplea\u00f1os n\u00famero 27, una semana antes de la victoria por 2-0 del PSG ante el\u00a0Manchester United\u00a0en Old Trafford, el internacional de Brasil dijo que estaba convencido de que ganar\u00e1 el mayor premio del futbol europeo con los gigantes franceses.<\/p>\n<p>Neymar tambi\u00e9n elogi\u00f3 al t\u00e9cnico\u00a0Thomas Tuchel, as\u00ed como a sus compa\u00f1eros.<\/p>\n<p>&#8220;El PSG ser\u00e1 el campe\u00f3n de la Champions League&#8221;, dijo. &#8220;El PSG no soy s\u00f3lo yo, es un equipo incre\u00edble con grandes deportistas y un t\u00e9cnico genial [Tuchel].<\/p>\n<p>&#8220;Adem\u00e1s, los fan\u00e1ticos del PSG son como un jugador n\u00famero 12 cuando jugamos en Par\u00eds. No tengo duda de que seremos campeones y de que jugar\u00e9&#8221;.<\/p>\n<p>Neymar se est\u00e1 recuperando de su segunda fractura del quinto metatarso en el pie derecho, en el mismo n\u00famero de a\u00f1os, lo que lo ha excluido del partido de vuelta contra el United en el Parc des Princes.<\/p>\n<p>Sin embargo, el ex jugador del\u00a0Barcelona\u00a0con valor de 222 millones de euros, podr\u00eda regresar a tiempo para un posible empate en cuartos de final, si el tratamiento contin\u00faa de acuerdo con el plan.<\/p>\n<p>&#8220;El tratamiento acaba de comenzar&#8221;, dijo Neymar. &#8220;Ser\u00e1 un largo viaje y tendr\u00e9 peque\u00f1as victorias d\u00eda a d\u00eda. Gracias a Dios, tengo grandes profesionales a mi lado y el apoyo del PSG, as\u00ed como el apoyo de los fan\u00e1ticos de todo el mundo&#8221;.<\/p>\n<p>Neymar se perdi\u00f3 el final de su temporada de debut con el PSG a causa de la misma lesi\u00f3n de la que se est\u00e1 recuperando, aunque se someti\u00f3 a una cirug\u00eda para estar listo a tiempo para la Copa Mundial 2018 en Rusia.<\/p>\n<p>\u00c9sta vez, no se ha practicado cirug\u00eda y siente que puede manejar su ausencia actual mejor que el a\u00f1o pasado porque no es la primera vez.<\/p>\n<p>&#8220;He jugado futbol desde que era un ni\u00f1o, as\u00ed que, s\u00ed, es muy dif\u00edcil estar lejos, \u200b\u200bde la rutina del club y del calor de los fan\u00e1ticos&#8221;, dijo Neymar. &#8220;En 2018 enfrent\u00e9 algo similar y s\u00e9 lo malo que es, pero esa experiencia me hizo m\u00e1s fuerte y m\u00e1s preparado para enfrentar lo que viene ahora&#8221;.<\/p>\n<p>Ahora, Neymar est\u00e1 aprovechando al m\u00e1ximo el tiempo que pasa con la familia y los amigos mientras se recupera, pero no disimul\u00f3 su deseo de regresar para el triunfo del PSG en la Ligue 1, as\u00ed como la gloria de la Copa Am\u00e9rica, en su tierra natal, con Brasil.<\/p>\n<p>&#8220;Quiero pasar m\u00e1s tiempo con mi familia y volver al futbol lo antes posible&#8221;, dijo. &#8220;Tengo muchos t\u00edtulos importantes que conquistar este a\u00f1o que viene con el PSG y la selecci\u00f3n brasile\u00f1a&#8221;.<\/p>\n<p>Se espera que la fecha de retorno actual de Neymar sea alrededor de principios de abril o antes.<\/p>\n","protected":false},"excerpt":{"rendered":"<p>El jugador brasile\u00f1o entiende que su equipo tiene la calidad suficiente para ganar la Liga Francesa sin su presencia en la cancha.<\/p>\n","protected":false},"author":16,"featured_media":48684,"comment_status":"closed","ping_status":"closed","sticky":false,"template":"","format":"standard","meta":[],"categories":[2,60],"tags":[],"acf":[],"_links":{"self":[{"href":"https:\/\/colimdo.org\/wp-api\/wp\/v2\/posts\/48683"}],"collection":[{"href":"https:\/\/colimdo.org\/wp-api\/wp\/v2\/posts"}],"about":[{"href":"https:\/\/colimdo.org\/wp-api\/wp\/v2\/types\/post"}],"author":[{"embeddable":true,"href":"https:\/\/colimdo.org\/wp-api\/wp\/v2\/users\/16"}],"replies":[{"embeddable":true,"href":"https:\/\/colimdo.org\/wp-api\/wp\/v2\/comments?post=48683"}],"version-history":[{"count":1,"href":"https:\/\/colimdo.org\/wp-api\/wp\/v2\/posts\/48683\/revisions"}],"predecessor-version":[{"id":48685,"href":"https:\/\/colimdo.org\/wp-api\/wp\/v2\/posts\/48683\/revisions\/48685"}],"wp:featuredmedia":[{"embeddable":true,"href":"https:\/\/colimdo.org\/wp-api\/wp\/v2\/media\/48684"}],"wp:attachment":[{"href":"https:\/\/colimdo.org\/wp-api\/wp\/v2\/media?parent=48683"}],"wp:term":[{"taxonomy":"category","embeddable":true,"href":"https:\/\/colimdo.org\/wp-api\/wp\/v2\/categories?post=48683"},{"taxonomy":"post_tag","embeddable":true,"href":"https:\/\/colimdo.org\/wp-api\/wp\/v2\/tags?post=48683"}],"curies":[{"name":"wp","href":"https:\/\/api.w.org\/{rel}","templated":true}]}}