{"id":48692,"date":"2019-02-14T12:15:52","date_gmt":"2019-02-14T12:15:52","guid":{"rendered":"https:\/\/colimdo.org\/?p=48692"},"modified":"2019-02-14T12:15:52","modified_gmt":"2019-02-14T12:15:52","slug":"moca-fc-se-prepara-torneo-intenso-la-pretemporada-la-ldf","status":"publish","type":"post","link":"https:\/\/colimdo.org\/noticias\/moca-fc-se-prepara-torneo-intenso-la-pretemporada-la-ldf\/","title":{"rendered":"Moca FC se prepara para un torneo intenso en la pretemporada\u00a0de la LDF"},"content":{"rendered":"<p class=\"x_m_-1513794604373954395m_6722247000438151461m_-5771894634642691553m_8025336468017245897m_7323757579863680453m_8048935296000245563gmail-MsoNoSpacing\"><b><span lang=\"ES-DO\">Moca, Provincia Espaillat. \u2013<\/span><\/b><span lang=\"ES-DO\">\u00a0Desde el primer d\u00eda, cargados de grandes ilusiones comenz\u00f3 el Moca FC, a trabajar de cara a la pr\u00f3xima temporada de la Liga Dominicana de F\u00fatbol (LDF) del 2019. \u00a0<\/span><\/p>\n<p class=\"x_m_-1513794604373954395m_6722247000438151461m_-5771894634642691553m_8025336468017245897m_7323757579863680453m_8048935296000245563gmail-MsoNoSpacing\"><span lang=\"ES-DO\">El nuevo entrenador, el mexicano Hiram Ivvan Apaiz Camargo, tuvo su primera sesi\u00f3n con el plantel en el estadio Ol\u00edmpico de Moca, junto a su cuerpo t\u00e9cnico, el preparador f\u00edsico profesor Guillermo G\u00f3mez y Alfonso Estrella preparador de porteros.<\/span><\/p>\n<p class=\"x_m_-1513794604373954395m_6722247000438151461m_-5771894634642691553m_8025336468017245897m_7323757579863680453m_8048935296000245563gmail-MsoNoSpacing\"><span lang=\"ES-DO\">&#8220;Arrancamos con mucha ilusi\u00f3n esta pretemporada\u201d, indicaba con mucho entusiasmo, el ex-director t\u00e9cnico de 3ra divisi\u00f3n profesional en el Club Necaxa en M\u00e9xico.<\/span><\/p>\n<p class=\"x_m_-1513794604373954395m_6722247000438151461m_-5771894634642691553m_8025336468017245897m_7323757579863680453m_8048935296000245563gmail-MsoNoSpacing\"><span lang=\"ES-DO\">Con una camada de jugadores del nivel de Ronald Garc\u00eda, Luis Taveras, Diego Ceara, el reci\u00e9n llegado Pablo Severino, los juveniles Javier S\u00e1nchez, Jos\u00e9 Roberto Jaqu\u00e9s, Julio S\u00e1nchez, Jos\u00e9 Santana y otro de veteranos se inici\u00f3 la pretemporada del 2019.<\/span><\/p>\n<p class=\"x_m_-1513794604373954395m_6722247000438151461m_-5771894634642691553m_8025336468017245897m_7323757579863680453m_8048935296000245563gmail-MsoNoSpacing\"><span lang=\"ES-DO\">&#8220;Aqu\u00ed todos arrancamos con mucha ilusi\u00f3n; ser\u00e1 un torneo muy intenso, lo mejor es agarrar desde el principio el ritmo de juego&#8221;, dec\u00eda en el camerino el dirigente mexicano Ivvan Apaiz.<\/span><\/p>\n<p class=\"x_m_-1513794604373954395m_6722247000438151461m_-5771894634642691553m_8025336468017245897m_7323757579863680453m_8048935296000245563gmail-MsoNoSpacing\"><span lang=\"ES-DO\">Adem\u00e1s, apunto que en los pr\u00f3ximos d\u00edas seguir\u00e1n llegando parte del material extranjero que utilizar\u00e1 el club, para esta nueva temporada en la Liga Dominicana de F\u00fatbol.<\/span><\/p>\n<p class=\"x_m_-1513794604373954395m_6722247000438151461m_-5771894634642691553m_8025336468017245897m_7323757579863680453m_8048935296000245563gmail-MsoNoSpacing\"><span lang=\"ES-DO\">Los directivos del MOCA FC, saben del desaf\u00edo que afrontan cada a\u00f1o y trabajan d\u00eda tras d\u00eda para formar un equipo que compita al m\u00e1ximo nivel, para que su gran fanaticada pueda seguirlos en cada jornada de la LDF.<\/span><\/p>\n","protected":false},"excerpt":{"rendered":"<p>El conjunto tratar\u00e1 de conquistar la corona de campe\u00f3n del torneo de la Liga Dominicana de F\u00fatbol.<\/p>\n","protected":false},"author":16,"featured_media":48693,"comment_status":"closed","ping_status":"closed","sticky":false,"template":"","format":"standard","meta":[],"categories":[2,60],"tags":[],"acf":[],"_links":{"self":[{"href":"https:\/\/colimdo.org\/wp-api\/wp\/v2\/posts\/48692"}],"collection":[{"href":"https:\/\/colimdo.org\/wp-api\/wp\/v2\/posts"}],"about":[{"href":"https:\/\/colimdo.org\/wp-api\/wp\/v2\/types\/post"}],"author":[{"embeddable":true,"href":"https:\/\/colimdo.org\/wp-api\/wp\/v2\/users\/16"}],"replies":[{"embeddable":true,"href":"https:\/\/colimdo.org\/wp-api\/wp\/v2\/comments?post=48692"}],"version-history":[{"count":1,"href":"https:\/\/colimdo.org\/wp-api\/wp\/v2\/posts\/48692\/revisions"}],"predecessor-version":[{"id":48694,"href":"https:\/\/colimdo.org\/wp-api\/wp\/v2\/posts\/48692\/revisions\/48694"}],"wp:featuredmedia":[{"embeddable":true,"href":"https:\/\/colimdo.org\/wp-api\/wp\/v2\/media\/48693"}],"wp:attachment":[{"href":"https:\/\/colimdo.org\/wp-api\/wp\/v2\/media?parent=48692"}],"wp:term":[{"taxonomy":"category","embeddable":true,"href":"https:\/\/colimdo.org\/wp-api\/wp\/v2\/categories?post=48692"},{"taxonomy":"post_tag","embeddable":true,"href":"https:\/\/colimdo.org\/wp-api\/wp\/v2\/tags?post=48692"}],"curies":[{"name":"wp","href":"https:\/\/api.w.org\/{rel}","templated":true}]}}