{"id":48700,"date":"2019-02-14T14:09:31","date_gmt":"2019-02-14T14:09:31","guid":{"rendered":"https:\/\/colimdo.org\/?p=48700"},"modified":"2019-02-14T14:09:31","modified_gmt":"2019-02-14T14:09:31","slug":"medias-blancas-siguen-la-espera-machado","status":"publish","type":"post","link":"https:\/\/colimdo.org\/noticias\/medias-blancas-siguen-la-espera-machado\/","title":{"rendered":"Medias Blancas siguen a la espera de Machado"},"content":{"rendered":"<p>GLENDALE, Arizona, EE.UU. &#8211; Los Medias Blancas de Chicago abrieron su campamento de pretemporada a\u00fan a la espera de\u00a0<a href=\"http:\/\/m.es.mlb.com\/player\/592518\/manny-machado\" data-player-link=\"592518\">Manny Machado<\/a>.<\/p>\n<p>&#8220;Simplemente veremos qu\u00e9 pasa&#8221;, dijo el mi\u00e9rcoles el primera base cubano,\u00a0<a href=\"http:\/\/m.es.mlb.com\/player\/475174\/yonder-alonso\" data-player-link=\"475174\">Yonder Alonso<\/a>, cu\u00f1ado de Machado.<\/p>\n<p>Machado, uno de los principales agentes libres durante el receso entre campa\u00f1as, no ha llegado a un acuerdo todav\u00eda. Alonso habl\u00f3 el martes con el astro de ascendencia dominicana.<\/p>\n<p>&#8220;No hablamos de b\u00e9isbol&#8221;, agreg\u00f3 Alonso.<\/p>\n<p>Chicago no ha tenido una temporada ganadora desde 2012 y viene de una campa\u00f1a de 100 derrotas. Los Medias Blancas incorporaron a Alonso, los derechos dominicanos Iv\u00e1n Nova,\u00a0<a href=\"http:\/\/m.es.mlb.com\/player\/516969\/kelvin-herrera\" data-player-link=\"516969\">Kelvin Herrera<\/a>\u00a0y Alex Colom\u00e9, as\u00ed como al jardinero\u00a0<a href=\"http:\/\/m.es.mlb.com\/player\/445055\/jon-jay\" data-player-link=\"445055\">Jon Jay<\/a>.<\/p>\n<p>Decenas de agentes libres contin\u00faan en el mercado.<\/p>\n<p>&#8220;Parece que los movimientos a la deriva al entrar al entrenamiento primaveral se est\u00e1n convirtiendo un poco en la nueva norma&#8221;, se\u00f1al\u00f3 el gerente general, Rick Hahn. &#8220;Tratamos de ser disciplinados en t\u00e9rminos de nuestro enfoque. Ciertamente no queremos gastar tiempo negociando a trav\u00e9s de los medios de comunicaci\u00f3n o hablando sobre c\u00f3mo est\u00e1n las cosas p\u00fablicamente hasta que haya alguna finalidad&#8221;.<\/p>\n<p>Al menos por ahora, &#8220;el enfoque va a estar en los muchachos en el vestidor, y en ponerlos en la mejor posici\u00f3n para ganar&#8221;.<\/p>\n<p>El manager Rick Renter\u00eda dijo que los jugadores j\u00f3venes como el jardinero dominicano Eloy Jim\u00e9nez y el lanzador\u00a0<a href=\"http:\/\/m.es.mlb.com\/player\/656302\/dylan-cease\" data-player-link=\"656302\">Dylan Cease<\/a>\u00a0est\u00e1n m\u00e1s cerca de hacer su debut en las Grandes Ligas.<\/p>\n<p>&#8220;Todos estamos emocionados con todas las posibilidades a medida que avanzamos, porque ahora se ha gastado tiempo en ello&#8221;, se\u00f1al\u00f3 Renter\u00eda.<\/p>\n","protected":false},"excerpt":{"rendered":"<p>El equipo a\u00fan espera que el jugador dominicano firme con ellos y se integre para la pr\u00f3xima temporada.<\/p>\n","protected":false},"author":16,"featured_media":48703,"comment_status":"closed","ping_status":"closed","sticky":false,"template":"","format":"standard","meta":[],"categories":[2,60],"tags":[],"acf":[],"_links":{"self":[{"href":"https:\/\/colimdo.org\/wp-api\/wp\/v2\/posts\/48700"}],"collection":[{"href":"https:\/\/colimdo.org\/wp-api\/wp\/v2\/posts"}],"about":[{"href":"https:\/\/colimdo.org\/wp-api\/wp\/v2\/types\/post"}],"author":[{"embeddable":true,"href":"https:\/\/colimdo.org\/wp-api\/wp\/v2\/users\/16"}],"replies":[{"embeddable":true,"href":"https:\/\/colimdo.org\/wp-api\/wp\/v2\/comments?post=48700"}],"version-history":[{"count":1,"href":"https:\/\/colimdo.org\/wp-api\/wp\/v2\/posts\/48700\/revisions"}],"predecessor-version":[{"id":48704,"href":"https:\/\/colimdo.org\/wp-api\/wp\/v2\/posts\/48700\/revisions\/48704"}],"wp:featuredmedia":[{"embeddable":true,"href":"https:\/\/colimdo.org\/wp-api\/wp\/v2\/media\/48703"}],"wp:attachment":[{"href":"https:\/\/colimdo.org\/wp-api\/wp\/v2\/media?parent=48700"}],"wp:term":[{"taxonomy":"category","embeddable":true,"href":"https:\/\/colimdo.org\/wp-api\/wp\/v2\/categories?post=48700"},{"taxonomy":"post_tag","embeddable":true,"href":"https:\/\/colimdo.org\/wp-api\/wp\/v2\/tags?post=48700"}],"curies":[{"name":"wp","href":"https:\/\/api.w.org\/{rel}","templated":true}]}}