{"id":48718,"date":"2019-02-14T15:59:53","date_gmt":"2019-02-14T15:59:53","guid":{"rendered":"https:\/\/colimdo.org\/?p=48718"},"modified":"2019-02-14T16:00:09","modified_gmt":"2019-02-14T16:00:09","slug":"fundacion-podium-valores-auspicia-apertura-escuela-judo","status":"publish","type":"post","link":"https:\/\/colimdo.org\/noticias\/fundacion-podium-valores-auspicia-apertura-escuela-judo\/","title":{"rendered":"Fundaci\u00f3n Podium y Valores auspicia apertura escuela de Judo"},"content":{"rendered":"<p><strong>SANTIAGO<\/strong>. La Fundaci\u00f3n Podium y Valores Inc., comprometida con el apoyo y desarrollo deportivo de nuestro pa\u00eds, auspici\u00f3 la instalaci\u00f3n de una escuela de judo en la comunidad de Don Pedro, Tamboril, consiguiendo una r\u00e1pida integraci\u00f3n de la juventud.<\/p>\n<p>La apertura de la misma fue realizada el pasado lunes 4 de febrero, donde el licenciado Emmanuel Garc\u00eda Musa, presidente de la mencionada fundaci\u00f3n destac\u00f3 los objetivos y expectativas de colaboraci\u00f3n en la formaci\u00f3n personal y atl\u00e9tica de la juventud de la zona, para lo cual considera que el Judo es una gran opci\u00f3n para los mismos.<\/p>\n<p>Entre otras cosas, dijo que dicha escuela necesita la colaboraci\u00f3n de la misma comunidad de Don Pedro, pues viene a llenar un vac\u00edo en los deportes, dado que en la zona no existe deporte organizado, a pesar de la gran cantidad de j\u00f3venes, tanto masculinos y femeninos, que la comunidad posee,\u00a0 por lo que entiende que en pocos meses surgir\u00e1n destacados atletas que alimentar\u00e1n las selecciones de Santiago.<\/p>\n<p>Tambi\u00e9n se dirigi\u00f3 a los presentes el sensei Oliver Cruz, quien tiene a su cargo la direcci\u00f3n de la escuela y la ense\u00f1anza de judo.\u00a0 Se destaca que Oliver Cruz ha sido un destacado integrante del seleccionado de Santiago, miembro del equipo de Judo de la Fuerza A\u00e9rea Dominicana y ha sido reconocido con m\u00faltiples reconocimientos y premiaciones por sus logros como atleta.\u00a0 Cuenta adem\u00e1s con gran formaci\u00f3n como monitor y entrenador, impartida por la Federaci\u00f3n Dominicana de Judo.\u00a0 \u00a0Las pr\u00e1cticas ser\u00e1n impartidas diariamente a partir de las cuatro treinta de la tarde.<\/p>\n<p>El Licenciado Garc\u00eda Musa, dio a conocer que con la ayuda de diferentes personas, la FEDOJUDO y su Fundaci\u00f3n, han reparado varios tatamis para los entrenamientos, esperando\u00a0que para la pr\u00f3xima semana se complete un total de 17 unidades con los que se puede realizar la labor prevista.<\/p>\n<p>El referido local est\u00e1 ubicado en la carretera de Don Pedro, al lado de la Terraza Eli, y ha venido a llenar un vac\u00edo importante para la juventud del lugar que no ten\u00eda donde albergar sus ansias deportivas.<\/p>\n","protected":false},"excerpt":{"rendered":"<p>El nuevo centro de preparaci\u00f3n de ni\u00f1os y j\u00f3venes en la pr\u00e1ctica del judo est\u00e1 instalado en el sector Don Pedro, en Tamboril.<\/p>\n","protected":false},"author":13,"featured_media":48719,"comment_status":"closed","ping_status":"closed","sticky":false,"template":"","format":"standard","meta":[],"categories":[2],"tags":[],"acf":[],"_links":{"self":[{"href":"https:\/\/colimdo.org\/wp-api\/wp\/v2\/posts\/48718"}],"collection":[{"href":"https:\/\/colimdo.org\/wp-api\/wp\/v2\/posts"}],"about":[{"href":"https:\/\/colimdo.org\/wp-api\/wp\/v2\/types\/post"}],"author":[{"embeddable":true,"href":"https:\/\/colimdo.org\/wp-api\/wp\/v2\/users\/13"}],"replies":[{"embeddable":true,"href":"https:\/\/colimdo.org\/wp-api\/wp\/v2\/comments?post=48718"}],"version-history":[{"count":1,"href":"https:\/\/colimdo.org\/wp-api\/wp\/v2\/posts\/48718\/revisions"}],"predecessor-version":[{"id":48720,"href":"https:\/\/colimdo.org\/wp-api\/wp\/v2\/posts\/48718\/revisions\/48720"}],"wp:featuredmedia":[{"embeddable":true,"href":"https:\/\/colimdo.org\/wp-api\/wp\/v2\/media\/48719"}],"wp:attachment":[{"href":"https:\/\/colimdo.org\/wp-api\/wp\/v2\/media?parent=48718"}],"wp:term":[{"taxonomy":"category","embeddable":true,"href":"https:\/\/colimdo.org\/wp-api\/wp\/v2\/categories?post=48718"},{"taxonomy":"post_tag","embeddable":true,"href":"https:\/\/colimdo.org\/wp-api\/wp\/v2\/tags?post=48718"}],"curies":[{"name":"wp","href":"https:\/\/api.w.org\/{rel}","templated":true}]}}