{"id":48722,"date":"2019-02-14T17:47:30","date_gmt":"2019-02-14T17:47:30","guid":{"rendered":"https:\/\/colimdo.org\/?p=48722"},"modified":"2019-02-14T17:48:03","modified_gmt":"2019-02-14T17:48:03","slug":"atletismo-celebrara-este-sabado-campeonato-nacional-saltos-vallas-lanzamientos","status":"publish","type":"post","link":"https:\/\/colimdo.org\/noticias\/atletismo-celebrara-este-sabado-campeonato-nacional-saltos-vallas-lanzamientos\/","title":{"rendered":"Atletismo celebrar\u00e1 campeonato\u00a0nacional de saltos, vallas y lanzamientos"},"content":{"rendered":"<p class=\"x_gmail-m-8276890775785192571ydp935c88e9msonormal\"><b><span lang=\"ES-DO\">SANTO DOMINGO<\/span><\/b><span lang=\"ES-DO\">. Con la participaci\u00f3n de m\u00e1s de 250 atletas de todo el pa\u00eds, la Federaci\u00f3n Dominicana de Asociaciones de Atletismo (FDAA) celebrar\u00e1 este s\u00e1bado su primer\u00a0 Campeonato Nacional.<\/span><\/p>\n<p class=\"x_gmail-m-8276890775785192571ydp935c88e9msonormal\"><span lang=\"ES-DO\">Se trata del campeonato de saltos, vallas y lanzamientos y marcar\u00e1 el inicio de los eventos establecidos en el programa nacional de competencias que celebrar\u00e1 la federaci\u00f3n este a\u00f1o.<\/span><\/p>\n<p class=\"x_gmail-m-8276890775785192571ydp935c88e9msonormal\"><span lang=\"ES-DO\">El anunciado lo hizo el presidente de la FDAA, licenciado Gerardo Suero Correa, quien precis\u00f3 que atletas en edad U-20 y libre competir\u00e1n en el evento.<\/span><\/p>\n<p class=\"x_gmail-m-8276890775785192571ydp935c88e9msonormal\"><span lang=\"ES-DO\">Dijo que se competir\u00e1 ese s\u00f3lo d\u00eda (ma\u00f1ana), comenzando a las 9:00 de la ma\u00f1ana en la pista Alberto Torres de La Mota, del Estadio Ol\u00edmpico F\u00e9lix S\u00e1nchez, y finalizando a las 6:00 de la tarde. Suero Correa agradeci\u00f3 la asistencia del Ministerio de Deportes, \u201cque nos ofrecer\u00e1 el respaldo total a la justa\u201d.<\/span><\/p>\n<p class=\"x_gmail-m-8276890775785192571ydp935c88e9msonormal\"><span lang=\"ES-DO\">\u201cSe trata de la primera prueba para comenzar a definir los perfiles de los atletas que pudieran representar al pa\u00eds en los Juegos Panamericanos de Lima, Per\u00fa, adem\u00e1s del Campeonato Panamericano U-23 de El Salvador y el Campeonato Norte, Centroamericano y del Caribe (NACAC) en U-20, \u00a0cuya sede ser\u00e1 la ciudad mexicana de Quer\u00e9taro, del 5 al 7 de julio\u201d, dijo.<\/span><\/p>\n<p class=\"x_gmail-m-8276890775785192571ydp935c88e9msonormal\"><span lang=\"ES-DO\">Agreg\u00f3 que el campeonato continental ser\u00e1 en el mismo mes de julio, mismo mes en que se iniciar\u00e1n -el d\u00eda 19- los Juegos Panamericanos de Lima, que se prolongar\u00e1n hasta el 6 de agosto.<\/span><\/p>\n<p class=\"x_gmail-m-8276890775785192571ydp935c88e9msonormal\"><span lang=\"ES-DO\">Sostuvo que los mejores exponentes del pa\u00eds tendr\u00e1n la oportunidad de mostrar sus potencialidades en los tres eventos en que competir\u00e1n el pr\u00f3ximo s\u00e1bado.<\/span><\/p>\n<p class=\"x_gmail-m-8276890775785192571ydp935c88e9msonormal\"><span lang=\"ES-DO\">\u201cTambi\u00e9n luchar\u00e1n por los premios en bonos y ropa deportiva de la marca Puma que ser\u00e1n entregados a los que finalicen en las tres primeras posiciones en cada prueba\u201d, argument\u00f3.<\/span><\/p>\n<p class=\"x_gmail-m-8276890775785192571ydp935c88e9msonormal\"><span lang=\"ES-DO\">Trece eventos<\/span><\/p>\n<p class=\"x_gmail-m-8276890775785192571ydp935c88e9msonormal\"><span lang=\"ES-DO\">Gerardo Suero Correa indic\u00f3 que en el total se celebrar\u00e1n 13 pruebas en masculino y la misma totalidad en femenino. \u201cLos muchachos y muchachas actuar\u00e1n en las cuatro modalidades de salto (largo, alto, triple y garrocha), lo mismo que en lanzamientos (martillo, jabalina, disco y bala) y en vallas (100, 110, 400,\u00a0 y 3,000 metros con obst\u00e1culos)\u201d.<\/span><\/p>\n<p class=\"gmail-MsoBodyText\">Belkis Ma\u00f1\u00f3n tendr\u00e1 a su cargo la direcci\u00f3n t\u00e9cnica del campeonato nacional de saltos, vallas y lanzamientos.<\/p>\n","protected":false},"excerpt":{"rendered":"<p>Esta ser\u00e1 el primer evento del a\u00f1o de la Federaci\u00f3n Dominicana de Asociaciones de Atletismo. <\/p>\n","protected":false},"author":16,"featured_media":48725,"comment_status":"closed","ping_status":"closed","sticky":false,"template":"","format":"standard","meta":[],"categories":[2,60],"tags":[],"acf":[],"_links":{"self":[{"href":"https:\/\/colimdo.org\/wp-api\/wp\/v2\/posts\/48722"}],"collection":[{"href":"https:\/\/colimdo.org\/wp-api\/wp\/v2\/posts"}],"about":[{"href":"https:\/\/colimdo.org\/wp-api\/wp\/v2\/types\/post"}],"author":[{"embeddable":true,"href":"https:\/\/colimdo.org\/wp-api\/wp\/v2\/users\/16"}],"replies":[{"embeddable":true,"href":"https:\/\/colimdo.org\/wp-api\/wp\/v2\/comments?post=48722"}],"version-history":[{"count":3,"href":"https:\/\/colimdo.org\/wp-api\/wp\/v2\/posts\/48722\/revisions"}],"predecessor-version":[{"id":48728,"href":"https:\/\/colimdo.org\/wp-api\/wp\/v2\/posts\/48722\/revisions\/48728"}],"wp:featuredmedia":[{"embeddable":true,"href":"https:\/\/colimdo.org\/wp-api\/wp\/v2\/media\/48725"}],"wp:attachment":[{"href":"https:\/\/colimdo.org\/wp-api\/wp\/v2\/media?parent=48722"}],"wp:term":[{"taxonomy":"category","embeddable":true,"href":"https:\/\/colimdo.org\/wp-api\/wp\/v2\/categories?post=48722"},{"taxonomy":"post_tag","embeddable":true,"href":"https:\/\/colimdo.org\/wp-api\/wp\/v2\/tags?post=48722"}],"curies":[{"name":"wp","href":"https:\/\/api.w.org\/{rel}","templated":true}]}}