{"id":48732,"date":"2019-02-14T17:57:54","date_gmt":"2019-02-14T17:57:54","guid":{"rendered":"https:\/\/colimdo.org\/?p=48732"},"modified":"2019-02-14T17:57:54","modified_gmt":"2019-02-14T17:57:54","slug":"federacion-pesas-escogera-nuevas-autoridades-este-sabado","status":"publish","type":"post","link":"https:\/\/colimdo.org\/noticias\/federacion-pesas-escogera-nuevas-autoridades-este-sabado\/","title":{"rendered":"Federaci\u00f3n de Pesas escoger\u00e1 sus\u00a0nuevas autoridades este s\u00e1bado"},"content":{"rendered":"<p class=\"x_MsoNormal\"><b>SANTO DOMINGO.<\/b><span class=\"x_m_-7104776293786199317gmail-m_6881826843467996248gmail-apple-converted-space\">\u00a0La Federaci\u00f3n Dominicana de Levantamiento de Pesas realizar\u00e1 este s\u00e1bado 16 su Asamblea Eleccionaria, en un proceso que se efectuar\u00e1 en el pabell\u00f3n de la entidad, ubicado en el Parque del Este.<\/span><\/p>\n<p class=\"x_MsoNormal\">Durante el proceso, que comenzar\u00e1 a las 10:00 de la ma\u00f1ana, los presidentes de las asociaciones provinciales escoger\u00e1 a las autoridades que regir\u00e1n los destinos de la federaci\u00f3n por los pr\u00f3ximos cuatro a\u00f1os.<\/p>\n<p class=\"x_MsoNormal\">Hasta ayer se hab\u00eda inscrito una sola plancha para optar por la presidencia de la instituci\u00f3n durante el per\u00edodo 2019-2023 y la encabeza el actual presidente de Fedompesas, licenciado William Ozuna.<\/p>\n<p class=\"x_MsoNormal\">La Comisi\u00f3n Electoral estar\u00e1 presidida por el profesor Nelly Manuel Do\u00f1\u00e9n, miembro Ad Vitam del Comit\u00e9 Ol\u00edmpico Dominicano y los directivos del Comit\u00e9 Ejecutivo del COD, Jos\u00e9 Luis Ram\u00edrez (Borola) y Nelson Ram\u00edrez.<\/p>\n<p class=\"x_MsoNormal\">Las 18 asociaciones habilitadas para votar son las del Distrito Nacional y la Provincia Santo Domingo, por la Zona Metropolitana. Por la regi\u00f3n Sur sufragar\u00e1n los presidentes San Crist\u00f3bal, Azua, Ban\u00ed, San Juan de la Maguana y Barahona.<\/p>\n<p class=\"x_MsoNormal\">Por la zona Este, los presidentes de las asociaciones de San Pedro de Macor\u00eds, Monte Plata, El Seibo y La Romana tendr\u00e1n derecho al voto en el proceso electivo de ma\u00f1ana s\u00e1bado.<\/p>\n<p class=\"x_MsoNormal\">Mientras que por la regi\u00f3n Norte lo har\u00e1n los de Bonao, La Vega, San Francisco de Macor\u00eds, Moca, Santiago Rodr\u00edguez, Moca y Santiago de los Caballeros.<\/p>\n","protected":false},"excerpt":{"rendered":"<p>Durante el proceso, que comenzar\u00e1 a las 10:00 de la ma\u00f1ana, los presidentes de las asociaciones provinciales escoger\u00e1 a las autoridades que regir\u00e1n los destinos de la federaci\u00f3n por los pr\u00f3ximos cuatro a\u00f1os.<\/p>\n","protected":false},"author":16,"featured_media":48734,"comment_status":"closed","ping_status":"closed","sticky":false,"template":"","format":"standard","meta":[],"categories":[2,60],"tags":[],"acf":[],"_links":{"self":[{"href":"https:\/\/colimdo.org\/wp-api\/wp\/v2\/posts\/48732"}],"collection":[{"href":"https:\/\/colimdo.org\/wp-api\/wp\/v2\/posts"}],"about":[{"href":"https:\/\/colimdo.org\/wp-api\/wp\/v2\/types\/post"}],"author":[{"embeddable":true,"href":"https:\/\/colimdo.org\/wp-api\/wp\/v2\/users\/16"}],"replies":[{"embeddable":true,"href":"https:\/\/colimdo.org\/wp-api\/wp\/v2\/comments?post=48732"}],"version-history":[{"count":1,"href":"https:\/\/colimdo.org\/wp-api\/wp\/v2\/posts\/48732\/revisions"}],"predecessor-version":[{"id":48735,"href":"https:\/\/colimdo.org\/wp-api\/wp\/v2\/posts\/48732\/revisions\/48735"}],"wp:featuredmedia":[{"embeddable":true,"href":"https:\/\/colimdo.org\/wp-api\/wp\/v2\/media\/48734"}],"wp:attachment":[{"href":"https:\/\/colimdo.org\/wp-api\/wp\/v2\/media?parent=48732"}],"wp:term":[{"taxonomy":"category","embeddable":true,"href":"https:\/\/colimdo.org\/wp-api\/wp\/v2\/categories?post=48732"},{"taxonomy":"post_tag","embeddable":true,"href":"https:\/\/colimdo.org\/wp-api\/wp\/v2\/tags?post=48732"}],"curies":[{"name":"wp","href":"https:\/\/api.w.org\/{rel}","templated":true}]}}