{"id":48733,"date":"2019-02-14T18:03:41","date_gmt":"2019-02-14T18:03:41","guid":{"rendered":"https:\/\/colimdo.org\/?p=48733"},"modified":"2019-02-14T18:03:58","modified_gmt":"2019-02-14T18:03:58","slug":"cod-realiza-taller-compras-contrataciones-publicas","status":"publish","type":"post","link":"https:\/\/colimdo.org\/noticias\/cod-realiza-taller-compras-contrataciones-publicas\/","title":{"rendered":"El COD realiza taller sobre compras y contrataciones p\u00fablicas"},"content":{"rendered":"<p><strong>Santo Domingo<\/strong>.- La Direcci\u00f3n de Compras y Contrataciones P\u00fablicas llev\u00f3 a cabo un taller sobre la aplicaci\u00f3n de la Ley 340-06 con funcionarios del Comit\u00e9 Ol\u00edmpico Dominicano.<\/p>\n<p>El taller titulado \u201cMarco Te\u00f3rico del Sistema de Compras y Contrataciones P\u00fablicas\u201d fue ofrecido por los licenciados Francisco de Le\u00f3n y Jos\u00e9 Calder\u00f3n y fue realizado este jueves, en el sal\u00f3n Juan Ulises Garc\u00eda Saleta (Whiche).<\/p>\n<p>Previo al inicio del taller fue celebrada una ceremonia en la que intervino el licenciado Luis Mej\u00eda Oviedo, presidente del COD, quien habl\u00f3 de la importancia de este evento para hacer m\u00e1s eficiente la aplicaci\u00f3n de los requerimientos de la ley 340-06.<\/p>\n<p>Mej\u00eda Oviedo, quien estuvo acompa\u00f1ado del licenciado Gilberto Garc\u00eda, secretario general del COD, destac\u00f3 la importancia de este tipo de evento para llevar al organismo ol\u00edmpico a seguir cumpliendo \u201cestrictamente\u201d con todo los requerimientos de transparencia en el manejo de los recursos que recibe el COD.<\/p>\n<p>El taller estuvo fundamentado en los principios de eficiencia en el uso de los recursos del Estado y su aplicaci\u00f3n de manera correcta, la aplicaci\u00f3n de la igualdad y libre competencia al momento de realizar una licitaci\u00f3n de compras p\u00fablicas, la transparencia, equidad y la racionalidad, entre otros.<\/p>\n","protected":false},"excerpt":{"rendered":"<p>El encuentro de orientaci\u00f3n se llev\u00f3 a cabo este jueves en el sal\u00f3n Juan Ulises Garc\u00eda Saleta del COD ofrecido por los licenciados Francisco de Le\u00f3n y Jos\u00e9 Calder\u00f3n.<\/p>\n","protected":false},"author":13,"featured_media":48739,"comment_status":"closed","ping_status":"closed","sticky":false,"template":"","format":"standard","meta":[],"categories":[2],"tags":[],"acf":[],"_links":{"self":[{"href":"https:\/\/colimdo.org\/wp-api\/wp\/v2\/posts\/48733"}],"collection":[{"href":"https:\/\/colimdo.org\/wp-api\/wp\/v2\/posts"}],"about":[{"href":"https:\/\/colimdo.org\/wp-api\/wp\/v2\/types\/post"}],"author":[{"embeddable":true,"href":"https:\/\/colimdo.org\/wp-api\/wp\/v2\/users\/13"}],"replies":[{"embeddable":true,"href":"https:\/\/colimdo.org\/wp-api\/wp\/v2\/comments?post=48733"}],"version-history":[{"count":1,"href":"https:\/\/colimdo.org\/wp-api\/wp\/v2\/posts\/48733\/revisions"}],"predecessor-version":[{"id":48740,"href":"https:\/\/colimdo.org\/wp-api\/wp\/v2\/posts\/48733\/revisions\/48740"}],"wp:featuredmedia":[{"embeddable":true,"href":"https:\/\/colimdo.org\/wp-api\/wp\/v2\/media\/48739"}],"wp:attachment":[{"href":"https:\/\/colimdo.org\/wp-api\/wp\/v2\/media?parent=48733"}],"wp:term":[{"taxonomy":"category","embeddable":true,"href":"https:\/\/colimdo.org\/wp-api\/wp\/v2\/categories?post=48733"},{"taxonomy":"post_tag","embeddable":true,"href":"https:\/\/colimdo.org\/wp-api\/wp\/v2\/tags?post=48733"}],"curies":[{"name":"wp","href":"https:\/\/api.w.org\/{rel}","templated":true}]}}