{"id":48736,"date":"2019-02-14T18:02:58","date_gmt":"2019-02-14T18:02:58","guid":{"rendered":"https:\/\/colimdo.org\/?p=48736"},"modified":"2019-02-14T18:02:58","modified_gmt":"2019-02-14T18:02:58","slug":"creso-anuncia-programa-insercion-laboral-atletas","status":"publish","type":"post","link":"https:\/\/colimdo.org\/noticias\/creso-anuncia-programa-insercion-laboral-atletas\/","title":{"rendered":"CRESO anuncia programa de inserci\u00f3n laboral para atletas"},"content":{"rendered":"<p class=\"x_gmail-MsoBodyText\"><b><span lang=\"ES-TRAD\">SANTO DOMINGO.-<\/span><\/b><span lang=\"ES-TRAD\">\u00a0Creando Sue\u00f1os Ol\u00edmpicos (CRESO) puso en funcionamiento un programa de inserci\u00f3n laboral para los atletas que pertenecen a la organizaci\u00f3n, con el que buscan que estos puedan tener una vida profesional de \u00e9xito luego de concluido su ciclo deportivo.<\/span><\/p>\n<p class=\"x_gmail-MsoBodyText\"><span lang=\"ES-TRAD\">El programa fue dado a conocer mediante un comunicado enviado a los medios en el cual se destaca que, desde su fundaci\u00f3n, CRESO ha tenido como uno de sus objetivos principales que los atletas puedan tener una formaci\u00f3n acad\u00e9mica universitaria que les permita insertarse en el mercado laboral una vez terminada su vida deportiva.<\/span><\/p>\n<p class=\"x_gmail-MsoBodyText\"><span lang=\"ES-TRAD\">El programa de inserci\u00f3n laboral est\u00e1 dirigido a todos los atletas que est\u00e1n graduados o en la fase final de sus estudios y que tienen tiempo disponible para iniciar pasant\u00edas o que ya est\u00e1n en la fase final de su carrera deportiva y puedan comenzar a integrarse a un trabajo a tiempo completo.<\/span><\/p>\n<p class=\"x_gmail-MsoBodyText\"><span lang=\"ES-TRAD\">\u201cEsta es la tercera pata de la mesa que le faltaba a CRESO: Ya cubrimos la pata deportiva con el apoyo que les damos para las competencias, ya cubrimos la pata acad\u00e9mica con el apoyo que les damos con la becas, y ahora vamos a cubrir su vida post deportiva con este programa de inserci\u00f3n laboral\u201d, explic\u00f3 Felipe Vicini, presidente del Consejo de Directores de CRESO.<\/span><\/p>\n<p class=\"x_gmail-MsoBodyText\"><span lang=\"ES-TRAD\">El empresario agreg\u00f3 que \u201clo que buscamos es que ese liderazgo que tienen los atletas en el deporte lo trasladen a la vida laboral, y as\u00ed estaremos impactando positivamente al desarrollo del pa\u00eds, y podremos ver c\u00f3mo una gloria del deporte posiblemente tambi\u00e9n se convierta en un l\u00edder empresarial o de una organizaci\u00f3n sin fines de lucro\u201d.<\/span><\/p>\n<p class=\"x_gmail-MsoBodyText\"><span lang=\"ES-TRAD\">Seg\u00fan se explic\u00f3, el programa incluye una evaluaci\u00f3n de competencias que se le realiza a los atletas, para luego hacerles un perfil laboral con el cual se presenta el curriculum y resultado del estudio a las empresas que componen el programa CRESO as\u00ed como a otras empresas donde dicho perfil pueda ser de utilidad.<\/span><\/p>\n<p class=\"x_gmail-MsoBodyText\"><span lang=\"ES-TRAD\">Para la puesta en marcha del programa se inici\u00f3 un piloto con 17 atletas de los cuales ya dos completaron todas las evaluaciones y est\u00e1n en el proceso de colocaci\u00f3n en el mercado laboral. El departamento de Recursos Humanos de INICIA, una de las empresas socias de CRESO, organiz\u00f3 el programa en el cual ya se han integrado las dem\u00e1s empresas socias, Central Romana Corporation, Claro, Banco Popular, Ferquido, Grupo Universal, Grupo SID, Grupo Rica, Total y Rizek. Las evaluaciones de los atletas se est\u00e1n realizando con la empresa Multiplicity.<\/span><\/p>\n<p class=\"x_gmail-MsoBodyText\"><span lang=\"ES-TRAD\">CRESO tiene actualmente 100 atletas activos y 96 ex atletas que est\u00e1n siendo contactados para que puedan integrarse en el programa de Inserci\u00f3n\u00a0Laboral.<\/span><\/p>\n","protected":false},"excerpt":{"rendered":"<p>El programa fue dado a conocer mediante un comunicado enviado a los medios en el cual se destaca que, desde su fundaci\u00f3n, CRESO ha tenido como uno de sus objetivos principales que los atletas puedan tener una formaci\u00f3n acad\u00e9mica universitaria que les permita insertarse en el mercado laboral una vez terminada su vida deportiva.<\/p>\n","protected":false},"author":16,"featured_media":48737,"comment_status":"closed","ping_status":"closed","sticky":false,"template":"","format":"standard","meta":[],"categories":[2,60],"tags":[],"acf":[],"_links":{"self":[{"href":"https:\/\/colimdo.org\/wp-api\/wp\/v2\/posts\/48736"}],"collection":[{"href":"https:\/\/colimdo.org\/wp-api\/wp\/v2\/posts"}],"about":[{"href":"https:\/\/colimdo.org\/wp-api\/wp\/v2\/types\/post"}],"author":[{"embeddable":true,"href":"https:\/\/colimdo.org\/wp-api\/wp\/v2\/users\/16"}],"replies":[{"embeddable":true,"href":"https:\/\/colimdo.org\/wp-api\/wp\/v2\/comments?post=48736"}],"version-history":[{"count":1,"href":"https:\/\/colimdo.org\/wp-api\/wp\/v2\/posts\/48736\/revisions"}],"predecessor-version":[{"id":48738,"href":"https:\/\/colimdo.org\/wp-api\/wp\/v2\/posts\/48736\/revisions\/48738"}],"wp:featuredmedia":[{"embeddable":true,"href":"https:\/\/colimdo.org\/wp-api\/wp\/v2\/media\/48737"}],"wp:attachment":[{"href":"https:\/\/colimdo.org\/wp-api\/wp\/v2\/media?parent=48736"}],"wp:term":[{"taxonomy":"category","embeddable":true,"href":"https:\/\/colimdo.org\/wp-api\/wp\/v2\/categories?post=48736"},{"taxonomy":"post_tag","embeddable":true,"href":"https:\/\/colimdo.org\/wp-api\/wp\/v2\/tags?post=48736"}],"curies":[{"name":"wp","href":"https:\/\/api.w.org\/{rel}","templated":true}]}}