{"id":48741,"date":"2019-02-14T19:10:17","date_gmt":"2019-02-14T19:10:17","guid":{"rendered":"https:\/\/colimdo.org\/?p=48741"},"modified":"2019-02-14T19:10:17","modified_gmt":"2019-02-14T19:10:17","slug":"eligen-rafael-uribe-al-buro-fiba-americas","status":"publish","type":"post","link":"https:\/\/colimdo.org\/noticias\/eligen-rafael-uribe-al-buro-fiba-americas\/","title":{"rendered":"Eligen a Rafael Uribe al Bur\u00f3 de Fiba Am\u00e9ricas"},"content":{"rendered":"<p class=\"x_MsoNormal\">SANTO DOMINGO. El ingeniero Rafael Uribe, presidente de la Federaci\u00f3n Dominicana de Baloncesto (Fedombal) fue seleccionado para integrar el Bur\u00f3 de la Federaci\u00f3n Internacional de Las Am\u00e9ricas (Fiba Am\u00e9ricas).<\/p>\n<p class=\"x_MsoNormal\">La selecci\u00f3n del dominicano Uribe se dio en la celebraci\u00f3n este domingo de la Asamblea General y Eleccionaria de la Confederaci\u00f3n de Centroam\u00e9rica y el Caribe de Baloncesto (Concencaba), en la que sali\u00f3 electo presidente Yamil Bukele, de El Salvador.<\/p>\n<p class=\"x_MsoNormal\">La Concencaba eligi\u00f3 a Uribe, entidad a la que pertenece la Rep\u00fablica Dominicana, a integrar como miembro el Bur\u00f3 de Fiba Am\u00e9ricas, facultad que tienen los directivos de la Confederaci\u00f3n que dirige Bukele de nominar tres a personas, que adem\u00e1s del quisqueyano fueron escogidos Glyne Clarke, de Barbados, presidente de la Confederaci\u00f3n de Baloncesto del Caribe (CBC) y Modesto Robledo, de M\u00e9xico, vicepresidente de la Confederaci\u00f3n Centroamericana\u00a0 (Cocaba).<\/p>\n<p class=\"x_MsoNormal\">Adem\u00e1s de Bukele como presidente, fue electo secretario general de las Concencaba, Patrick Haynes, de Guyana.<\/p>\n<p class=\"x_MsoNormal\">Integran tambi\u00e9n la directiva de Concecaba, Mario M\u00e9ndez, de M\u00e9xico; \u00c1lvaro Calvo, de Costa Rica; y Sabrina Mitchell, de Saint Vincent y Granadinas.<\/p>\n<p class=\"x_MsoNormal\">Personalidades<\/p>\n<p class=\"x_MsoNormal\">Dentro de las personalidades presentes en la Asamblea General y Eleccionaria\u00a0 de Concencaba, estuvieron el argentino Horacio Muratore y Usie Richard, de Islas V\u00edrgenes, presidentes de Fiba Internacional y Fiba Am\u00e9ricas.<\/p>\n<p class=\"x_MsoNormal\">As\u00ed como, el griego Andreas Zagklis, secretario de Fiba; el director ejecutivo de Fiba en Am\u00e9rica, el brasile\u00f1o Carlos Alves; y el cubano Ruperto Herrera, presidente saliente de Concencaba.<\/p>\n","protected":false},"excerpt":{"rendered":"<p>Uribe entra a la directiva de Concencaba junto al electo presidente Yamil Bukele.<\/p>\n","protected":false},"author":16,"featured_media":48742,"comment_status":"closed","ping_status":"closed","sticky":false,"template":"","format":"standard","meta":[],"categories":[2,60],"tags":[],"acf":[],"_links":{"self":[{"href":"https:\/\/colimdo.org\/wp-api\/wp\/v2\/posts\/48741"}],"collection":[{"href":"https:\/\/colimdo.org\/wp-api\/wp\/v2\/posts"}],"about":[{"href":"https:\/\/colimdo.org\/wp-api\/wp\/v2\/types\/post"}],"author":[{"embeddable":true,"href":"https:\/\/colimdo.org\/wp-api\/wp\/v2\/users\/16"}],"replies":[{"embeddable":true,"href":"https:\/\/colimdo.org\/wp-api\/wp\/v2\/comments?post=48741"}],"version-history":[{"count":1,"href":"https:\/\/colimdo.org\/wp-api\/wp\/v2\/posts\/48741\/revisions"}],"predecessor-version":[{"id":48743,"href":"https:\/\/colimdo.org\/wp-api\/wp\/v2\/posts\/48741\/revisions\/48743"}],"wp:featuredmedia":[{"embeddable":true,"href":"https:\/\/colimdo.org\/wp-api\/wp\/v2\/media\/48742"}],"wp:attachment":[{"href":"https:\/\/colimdo.org\/wp-api\/wp\/v2\/media?parent=48741"}],"wp:term":[{"taxonomy":"category","embeddable":true,"href":"https:\/\/colimdo.org\/wp-api\/wp\/v2\/categories?post=48741"},{"taxonomy":"post_tag","embeddable":true,"href":"https:\/\/colimdo.org\/wp-api\/wp\/v2\/tags?post=48741"}],"curies":[{"name":"wp","href":"https:\/\/api.w.org\/{rel}","templated":true}]}}