{"id":48745,"date":"2019-02-14T19:26:35","date_gmt":"2019-02-14T19:26:35","guid":{"rendered":"https:\/\/colimdo.org\/?p=48745"},"modified":"2019-02-14T19:26:58","modified_gmt":"2019-02-14T19:26:58","slug":"directivos-del-cod-celebran-almuerzo-atletas-olimpicos","status":"publish","type":"post","link":"https:\/\/colimdo.org\/noticias\/directivos-del-cod-celebran-almuerzo-atletas-olimpicos\/","title":{"rendered":"Directivos del COD celebran almuerzo con atletas ol\u00edmpicos"},"content":{"rendered":"<p>Santo Domingo.- El Comit\u00e9 Ol\u00edmpico Dominicano inici\u00f3 una serie de encuentros con atletas ol\u00edmpicos, en busca de fortalecer las relaciones con estos deportistas.<\/p>\n<p>El primero de estos encuentros-almuerzo fue celebrado este jueves y fue encabezado por el licenciado Luis Mej\u00eda Oviedo, presidente del Comit\u00e9 Ol\u00edmpico Dominicano, el tambi\u00e9n licenciado Gilberto Garc\u00eda, secretario general y Gerardo Suero Correa, vocal del COD.<\/p>\n<p>En el mismo tambi\u00e9n estuvo el dos veces medallista ol\u00edmpico F\u00e9lix S\u00e1nchez, quien participa como invitado en el Comit\u00e9 Ejecutivo del COD.<\/p>\n<p>En el almuerzo estuvieron los medallistas ol\u00edmpicos F\u00e9lix D\u00edaz, Gabriel Mercedes, Luisito Pie.<\/p>\n<p>Asimismo, Crismery Santana, Mar\u00eda Garc\u00eda, Yuderkis Contreras, Yamilet Pe\u00f1a, Milagros Cabral, entre otros.<\/p>\n<p>\u201cEste es el primero de una serie de encuentros que vamos a estar sosteniendo con nuestros atletas para compartir y confraternizar\u201d, dijo Mej\u00eda para indicar que ello contribuye a que haya m\u00e1s armon\u00eda con estos deportistas.<\/p>\n<p>Este tipo de encuentro se realizar\u00e1 peri\u00f3dicamente. En una fecha pr\u00f3xima ser\u00e1 invitado otro grupo para compartir un almuerzo como ha sucedido en esta oportunidad.<\/p>\n","protected":false},"excerpt":{"rendered":"<p>El Comit\u00e9 Ol\u00edmpico Dominicano inici\u00f3 una serie de encuentros con atletas ol\u00edmpicos, en busca de fortalecer las relaciones con estos deportistas.<\/p>\n","protected":false},"author":13,"featured_media":48746,"comment_status":"closed","ping_status":"closed","sticky":false,"template":"","format":"standard","meta":[],"categories":[2],"tags":[],"acf":[],"_links":{"self":[{"href":"https:\/\/colimdo.org\/wp-api\/wp\/v2\/posts\/48745"}],"collection":[{"href":"https:\/\/colimdo.org\/wp-api\/wp\/v2\/posts"}],"about":[{"href":"https:\/\/colimdo.org\/wp-api\/wp\/v2\/types\/post"}],"author":[{"embeddable":true,"href":"https:\/\/colimdo.org\/wp-api\/wp\/v2\/users\/13"}],"replies":[{"embeddable":true,"href":"https:\/\/colimdo.org\/wp-api\/wp\/v2\/comments?post=48745"}],"version-history":[{"count":1,"href":"https:\/\/colimdo.org\/wp-api\/wp\/v2\/posts\/48745\/revisions"}],"predecessor-version":[{"id":48747,"href":"https:\/\/colimdo.org\/wp-api\/wp\/v2\/posts\/48745\/revisions\/48747"}],"wp:featuredmedia":[{"embeddable":true,"href":"https:\/\/colimdo.org\/wp-api\/wp\/v2\/media\/48746"}],"wp:attachment":[{"href":"https:\/\/colimdo.org\/wp-api\/wp\/v2\/media?parent=48745"}],"wp:term":[{"taxonomy":"category","embeddable":true,"href":"https:\/\/colimdo.org\/wp-api\/wp\/v2\/categories?post=48745"},{"taxonomy":"post_tag","embeddable":true,"href":"https:\/\/colimdo.org\/wp-api\/wp\/v2\/tags?post=48745"}],"curies":[{"name":"wp","href":"https:\/\/api.w.org\/{rel}","templated":true}]}}