{"id":48751,"date":"2019-02-15T06:06:39","date_gmt":"2019-02-15T06:06:39","guid":{"rendered":"https:\/\/colimdo.org\/?p=48751"},"modified":"2019-02-15T06:06:39","modified_gmt":"2019-02-15T06:06:39","slug":"listo-tercera-gala-reconocimientos-del-tenis-rd","status":"publish","type":"post","link":"https:\/\/colimdo.org\/noticias\/listo-tercera-gala-reconocimientos-del-tenis-rd\/","title":{"rendered":"Todo listo para Tercera Gala de Reconocimientos del Tenis RD"},"content":{"rendered":"<p style=\"font-weight: 400;\">La Galer\u00eda de la Fama del Tenis Dominicano celebrar\u00e1 este viernes su Tercera Gala de Reconocimientos, comenzando a las 7:00 de la noche, en el Sal\u00f3n Principal del Club Deportivo Naco.<\/p>\n<p style=\"font-weight: 400;\">Las figuras hist\u00f3ricas del tenis dominicano que ser\u00e1n reconocidas en esta edici\u00f3n de la Gala son, Altagracia Morales de Altagracia, Ar\u00edstides Ravelo \u00c1lvarez, Francisco Augusto Jupiter Vicioso, Luis Augusto Ginebra Hern\u00e1ndez (Payo), Henri Gaz\u00f3n Cabral, Fernando \u00c1lvarez Pelegr\u00edn y Gilberto Pellerano Baehr (Lull\u00fa), todos ellos destacados jugadores o grandes propulsores de esta disciplina.<\/p>\n<p style=\"font-weight: 400;\">Los reconocimientos a Jupiter Vicioso, Ginebra Hern\u00e1ndez, \u00c1lvarez Pelegr\u00edn y Pellerano Baehr se har\u00e1n a t\u00edtulo p\u00f3stumo.<\/p>\n<p style=\"font-weight: 400;\">La Gala 2019 cuenta con el patrocinio del Ministerio Administrativo de la Presidencia, Club Deportivo Naco, Ayuntamiento del Distrito Nacional, Seguros Universal, Central Romana Corporation, Logomarca y TransOil.<\/p>\n<p style=\"font-weight: 400;\">Tambi\u00e9n tiene el respaldo de Roig Agro-Cacao, MM Branding y Comunicaci\u00f3n, C\u00e1ceres &amp; Asociados, Grupo Propag\u00e1s, ron Macorix, whisky Duggans, vino Marqu\u00e9s de Sitches, Coca-Cola, Cervecer\u00eda Nacional Dominicana, Servicios de Prensa GK, ARTIS Agencia de Imagen y Vallas Nobles.<\/p>\n<p style=\"font-weight: 400;\">En el acto se rendir\u00e1, adem\u00e1s, un merecido homenaje a un grupo de personalidades y entidades por su contribuci\u00f3n al desarrollo de tenis en nuestro pa\u00eds.<\/p>\n<p style=\"font-weight: 400;\">La actividad de este a\u00f1o tendr\u00e1 una especial dedicatoria al Santo Domingo Tennis Club y tambi\u00e9n ser\u00e1n homenajeados el Grupo MERCASID, en la persona del empresario y deportista Luis Manuel Bonetti y los hermanos Emilio y Pedro Pimentel, exjugadores y propulsores, por sus aportes al tenis nacional.<\/p>\n<p style=\"font-weight: 400;\">Adem\u00e1s,\u00a0se iniciar\u00e1 el programa de patrocinios de j\u00f3venes talentos en el tenis, a cargo del Fondo Jos\u00e9 Ravelo &#8211; Carmen Jane Bogaert, creado para esos fines, con la entrega de \u00fatiles deportivos a los destacados jugadores juveniles\u00a0Braine Paulino, del Centro Espa\u00f1ol, de Santiago;<strong>\u00a0<\/strong>Maikel Villalona, del Santo Domingo Tennis Club y Jean Carlos Garc\u00eda, del Club Deportivo Naco.<\/p>\n<p style=\"font-weight: 400;\">En la Primera Gala celebrada en 2017 fueron reconocidos, Jos\u00e9 Ravelo \u00c1lvarez, Carlos Le\u00f3n Pumarol, Aminta Thormann de G\u00f3mez, Carmen Jane Bogaert, George Arzeno Brugal, Jos\u00e9 Le\u00f3n Asensio y Ram\u00f3n \u2013Papo\u2013 Men\u00e9ndez Garc\u00eda.<\/p>\n<p style=\"font-weight: 400;\">El pasado a\u00f1o los homenajeados fueron Fernando Ravelo \u00c1lvarez, Leonardo Porcella Le\u00f3n (Nano), Mercedes Yang\u00fcela de Fern\u00e1ndez (Chelena), Ram\u00f3n Camacho Tejada, los esposos Clody y Dionis Bernal, Gustavo G\u00f3mez Salado y Tancredo Aybar Castellanos.<\/p>\n","protected":false},"excerpt":{"rendered":"<p>La Galer\u00eda de la Fama del Tenis Dominicano celebrar\u00e1 este viernes su Tercera Gala de Reconocimientos, comenzando a las 7:00 de la noche, en el Sal\u00f3n Principal del Club Deportivo Naco. Las figuras hist\u00f3ricas del tenis dominicano que ser\u00e1n reconocidas en esta edici\u00f3n de la Gala son, Altagracia Morales de Altagracia, Ar\u00edstides Ravelo \u00c1lvarez, Francisco [&hellip;]<\/p>\n","protected":false},"author":9,"featured_media":48752,"comment_status":"closed","ping_status":"closed","sticky":false,"template":"","format":"standard","meta":[],"categories":[2],"tags":[],"acf":[],"_links":{"self":[{"href":"https:\/\/colimdo.org\/wp-api\/wp\/v2\/posts\/48751"}],"collection":[{"href":"https:\/\/colimdo.org\/wp-api\/wp\/v2\/posts"}],"about":[{"href":"https:\/\/colimdo.org\/wp-api\/wp\/v2\/types\/post"}],"author":[{"embeddable":true,"href":"https:\/\/colimdo.org\/wp-api\/wp\/v2\/users\/9"}],"replies":[{"embeddable":true,"href":"https:\/\/colimdo.org\/wp-api\/wp\/v2\/comments?post=48751"}],"version-history":[{"count":1,"href":"https:\/\/colimdo.org\/wp-api\/wp\/v2\/posts\/48751\/revisions"}],"predecessor-version":[{"id":48753,"href":"https:\/\/colimdo.org\/wp-api\/wp\/v2\/posts\/48751\/revisions\/48753"}],"wp:featuredmedia":[{"embeddable":true,"href":"https:\/\/colimdo.org\/wp-api\/wp\/v2\/media\/48752"}],"wp:attachment":[{"href":"https:\/\/colimdo.org\/wp-api\/wp\/v2\/media?parent=48751"}],"wp:term":[{"taxonomy":"category","embeddable":true,"href":"https:\/\/colimdo.org\/wp-api\/wp\/v2\/categories?post=48751"},{"taxonomy":"post_tag","embeddable":true,"href":"https:\/\/colimdo.org\/wp-api\/wp\/v2\/tags?post=48751"}],"curies":[{"name":"wp","href":"https:\/\/api.w.org\/{rel}","templated":true}]}}