{"id":48759,"date":"2019-02-15T13:17:45","date_gmt":"2019-02-15T13:17:45","guid":{"rendered":"https:\/\/colimdo.org\/?p=48759"},"modified":"2019-02-15T13:23:17","modified_gmt":"2019-02-15T13:23:17","slug":"barcelona-renueva-ano-contrato-dirigente-ernesto-valverde","status":"publish","type":"post","link":"https:\/\/colimdo.org\/noticias\/barcelona-renueva-ano-contrato-dirigente-ernesto-valverde\/","title":{"rendered":"El Barcelona renueva un a\u00f1o el contrato su dirigente Ernesto Valverde"},"content":{"rendered":"<p>BARCELONA &#8212; El\u00a0FC Barcelona\u00a0anunci\u00f3 este viernes la renovaci\u00f3n de\u00a0<strong>Ernesto Valverde<\/strong>\u00a0por una temporada m\u00e1s, hasta junio de 2020, haciendo valer de esta manera la cl\u00e1usula que manten\u00eda en su contrato el entrenador, que expiraba al acabar este curso y ten\u00eda una cl\u00e1usula de renovaci\u00f3n de acuerdo con las dos partes.<\/p>\n<p>El nuevo contrato del t\u00e9cnico, firmado oficialmente en las oficinas del Camp Nou, incluye tambi\u00e9n una prolongaci\u00f3n opcional por otra temporada, hasta 2021, lo que, de cumplirse, convertir\u00eda a Valverde en el entrenador m\u00e1s longevo del club desde la etapa de Josep Guardiola, totalizando hasta cuatro temporadas, una menos de las cinco que complet\u00f3, entre 2003 y 2008, Frank Rijkaard y que se mantiene como el que m\u00e1s a\u00f1os permaneci\u00f3 en el banquillo azulgrana este siglo XXI.<\/p>\n<p>La continuidad de Valverde no es una sorpresa en el Bar\u00e7a. Aunque en meses pasados se extendi\u00f3 el rumor de que el t\u00e9cnico estuviera m\u00e1s por la labor de arrojar la toalla y no hacer valer la opci\u00f3n reflejada en el contrato para el pr\u00f3ximo ejercicio, todos los mensajes expresados desde el club dieron a entender la satisfacci\u00f3n existente con su trabajo y el deseo de prolongar su permanencia en el banquillo.<\/p>\n<p>\u201cEstamos muy contentos con \u00e9l y no tenemos dudas de que ser\u00e1 nuestro entrenador la pr\u00f3xima temporada\u201d, explic\u00f3 sin ir m\u00e1s lejos Bartomeu el mi\u00e9rcoles, en una entrevista con RKB en la que rechaz\u00f3 de pleno que el Bar\u00e7a pudiera estar plante\u00e1ndose un cambio de entrenador.<\/p>\n<div class=\"article-body\">\n<p>El discurso del presidente azulgrana sigui\u00f3 al de otros miembros destacados del club, destacando el del vicepresidente deportivo Jordi Mestre, quien se mostr\u00f3 en las \u00faltimas semanas convencido de la continuidad de Valverde, tal como hizo tambi\u00e9n el secretario t\u00e9cnico Eric Abidal.<\/p>\n<p>Los buenos n\u00fameros del Bar\u00e7a bajo su mando, habiendo conquistado el doblete en su primera temporada y manteniendo al equipo en \u00f3ptima situaci\u00f3n deportiva este curso, han sido raz\u00f3n decisiva para que la junta de Bartomeu apoyase la continuidad de un t\u00e9cnico que suma 65 victorias y solo 9 derrotas en 96 partidos oficiales, que lleg\u00f3 a enlazar 36 jornadas de Liga sin perder y que ha mantenido, con sus propios matices, la filosof\u00eda futbol\u00edstica del Bar\u00e7a.<\/p>\n<p>M\u00e1s all\u00e1 de ello, los argumentos que explican la renovaci\u00f3n de Valverde, quien sustituy\u00f3 en el banquillo a Luis Enrique en el verano de 2017, se centran tanto en la excelente relaci\u00f3n que mantiene con los pesos pesados de la plantilla,\u00a0Lionel Messi\u00a0al frente, como en su buena sinton\u00eda con los dirigentes del club, no habiendo mostrado p\u00fablicamente controversia alguna con decisiones deportivas de la entidad por m\u00e1s que no fueran de su agrado, tal como pudo ser el fichaje de\u00a0Yerry Mina\u00a0en enero de 2018 como caso m\u00e1s destacado.<\/p>\n<\/div>\n<footer class=\"article-footer\">\n<div class=\"sponsored-links\"><\/div>\n<\/footer>\n","protected":false},"excerpt":{"rendered":"<p>El nuevo contrato del t\u00e9cnico, firmado oficialmente en las oficinas del Camp Nou, incluye tambi\u00e9n una prolongaci\u00f3n opcional por otra temporada, hasta 2021, lo que, de cumplirse, convertir\u00eda a Valverde en el entrenador m\u00e1s longevo del club desde la etapa de Josep Guardiola, totalizando hasta cuatro temporadas<\/p>\n","protected":false},"author":16,"featured_media":48761,"comment_status":"closed","ping_status":"closed","sticky":false,"template":"","format":"standard","meta":[],"categories":[2,60],"tags":[],"acf":[],"_links":{"self":[{"href":"https:\/\/colimdo.org\/wp-api\/wp\/v2\/posts\/48759"}],"collection":[{"href":"https:\/\/colimdo.org\/wp-api\/wp\/v2\/posts"}],"about":[{"href":"https:\/\/colimdo.org\/wp-api\/wp\/v2\/types\/post"}],"author":[{"embeddable":true,"href":"https:\/\/colimdo.org\/wp-api\/wp\/v2\/users\/16"}],"replies":[{"embeddable":true,"href":"https:\/\/colimdo.org\/wp-api\/wp\/v2\/comments?post=48759"}],"version-history":[{"count":1,"href":"https:\/\/colimdo.org\/wp-api\/wp\/v2\/posts\/48759\/revisions"}],"predecessor-version":[{"id":48760,"href":"https:\/\/colimdo.org\/wp-api\/wp\/v2\/posts\/48759\/revisions\/48760"}],"wp:featuredmedia":[{"embeddable":true,"href":"https:\/\/colimdo.org\/wp-api\/wp\/v2\/media\/48761"}],"wp:attachment":[{"href":"https:\/\/colimdo.org\/wp-api\/wp\/v2\/media?parent=48759"}],"wp:term":[{"taxonomy":"category","embeddable":true,"href":"https:\/\/colimdo.org\/wp-api\/wp\/v2\/categories?post=48759"},{"taxonomy":"post_tag","embeddable":true,"href":"https:\/\/colimdo.org\/wp-api\/wp\/v2\/tags?post=48759"}],"curies":[{"name":"wp","href":"https:\/\/api.w.org\/{rel}","templated":true}]}}