{"id":48765,"date":"2019-02-15T13:37:32","date_gmt":"2019-02-15T13:37:32","guid":{"rendered":"https:\/\/colimdo.org\/?p=48765"},"modified":"2019-02-15T13:37:32","modified_gmt":"2019-02-15T13:37:32","slug":"fernando-tatis-jr-trabaja-duro-llegar-las-grandes-ligas","status":"publish","type":"post","link":"https:\/\/colimdo.org\/noticias\/fernando-tatis-jr-trabaja-duro-llegar-las-grandes-ligas\/","title":{"rendered":"Fernando Tatis Jr.\u00a0trabaja duro para llegar a las Grandes Ligas"},"content":{"rendered":"<p class=\"APParagraph1\">PEORIA, Arizona, EE.UU (AP). &#8212;\u00a0Fernando Tatis Jr.\u00a0tiene una meta para su segundo campamento de pretemporada con los Padres de San Diego: ganarse un lugar en el equipo.<\/p>\n<p class=\"APParagraph2\">Los Padres podr\u00edan no llevarlo a las mayores de inmediato, pero existe una gran posibilidad de que el hijo del expelotero de Grandes Ligas Fernando Tatis debute en el m\u00e1ximo circuito en alg\u00fan momento de la temporada por un equipo de San Diego en reconstrucci\u00f3n.<\/p>\n<p class=\"APParagraph3\">Los fan\u00e1ticos sin duda est\u00e1n ansiosos por ver al campocorto de 20 a\u00f1os lucir su estilo de juego en Petco Park.<\/p>\n<p class=\"APParagraph4\">\u00bfY cu\u00e1l es su actitud al respecto?<\/p>\n<p class=\"APParagraph5\">&#8220;Lo mismo de siempre, venir a jugar b\u00e9isbol y hacer lo que s\u00e9 hacer y seguir divirti\u00e9ndome, como siempre&#8221;, afirm\u00f3.<\/p>\n<p class=\"APParagraph6\">Pero Tatis, considerado el segundo mejor prospecto general en todo el b\u00e9isbol, sabe que este a\u00f1o es un poco diferente.<\/p>\n<p class=\"APParagraph7\">&#8220;Esta vez existe una realidad. Hay la posibilidad de que ocurra. Yo s\u00f3lo estoy trabajando muy duro por ello&#8221;, agreg\u00f3.<\/p>\n<p class=\"APParagraph8\">Si bien su objetivo es un lugar en el equipo, Tatis comprende que &#8220;en el juego uno siempre tiene que mejorar, aprender, seguir aprendiendo de estos peloteros, hacerles muchas preguntas a los que tienen la experiencia, y hacerse cargo&#8221;.<\/p>\n<p class=\"APParagraph9\">Tatis sin duda es capaz de hacerlo, pese a que solo ha jugado dos meses y medio m\u00e1s all\u00e1 de la categor\u00eda A. Los Padres podr\u00edan decidir que inicie la temporada en Triple A. Tambi\u00e9n se cree que el club podr\u00eda retrasar su llegada a las mayores a fin de postergar el inicio de su periodo de servicio.<\/p>\n<p class=\"APParagraph10\">&#8220;Hay que mostrar mi juego. Ellos de antemano me han visto mucho. Si demuestro que puedo hacerlo aqu\u00ed, pienso que tomar\u00e1n la decisi\u00f3n&#8221;, dijo Tatis.<\/p>\n<p class=\"APParagraph11\">El campocorto sufri\u00f3 una fractura de pulgar izquierdo al barrerse de cabeza en julio y se perdi\u00f3 el resto de la temporada. Pero compens\u00f3 con creces el tiempo perdido con un exitoso periodo en liga de invierno.<\/p>\n<p class=\"APParagraph12\">Regres\u00f3 a casa para jugar en la liga invernal dominicana con las Estrellas Orientales. En 23 partidos, bate\u00f3 para .263 con tres cuadrangulares, uno de los cuales fue destacado incluso fuera de su pa\u00eds.<\/p>\n<p class=\"APParagraph13\">Despu\u00e9s que Tatis peg\u00f3 un jonr\u00f3n de tres carreras que defini\u00f3 el encuentro en los playoffs, arroj\u00f3 el bate al aire en un momento de j\u00fabilo y en medio del alboroto del dugout y los fan\u00e1ticos. Fue el caso de bate lanzado m\u00e1s comentado desde el alarde de Jos\u00e9 Bautista en la serie divisional de la Liga Americana en 2015.<\/p>\n","protected":false},"excerpt":{"rendered":"<p>El talentoso jugador dominicano busca lograr quedarse con el equipo grande de los Padres de San Diego para el inicio de la temporada.<\/p>\n","protected":false},"author":16,"featured_media":48766,"comment_status":"closed","ping_status":"closed","sticky":false,"template":"","format":"standard","meta":[],"categories":[2,60],"tags":[],"acf":[],"_links":{"self":[{"href":"https:\/\/colimdo.org\/wp-api\/wp\/v2\/posts\/48765"}],"collection":[{"href":"https:\/\/colimdo.org\/wp-api\/wp\/v2\/posts"}],"about":[{"href":"https:\/\/colimdo.org\/wp-api\/wp\/v2\/types\/post"}],"author":[{"embeddable":true,"href":"https:\/\/colimdo.org\/wp-api\/wp\/v2\/users\/16"}],"replies":[{"embeddable":true,"href":"https:\/\/colimdo.org\/wp-api\/wp\/v2\/comments?post=48765"}],"version-history":[{"count":1,"href":"https:\/\/colimdo.org\/wp-api\/wp\/v2\/posts\/48765\/revisions"}],"predecessor-version":[{"id":48767,"href":"https:\/\/colimdo.org\/wp-api\/wp\/v2\/posts\/48765\/revisions\/48767"}],"wp:featuredmedia":[{"embeddable":true,"href":"https:\/\/colimdo.org\/wp-api\/wp\/v2\/media\/48766"}],"wp:attachment":[{"href":"https:\/\/colimdo.org\/wp-api\/wp\/v2\/media?parent=48765"}],"wp:term":[{"taxonomy":"category","embeddable":true,"href":"https:\/\/colimdo.org\/wp-api\/wp\/v2\/categories?post=48765"},{"taxonomy":"post_tag","embeddable":true,"href":"https:\/\/colimdo.org\/wp-api\/wp\/v2\/tags?post=48765"}],"curies":[{"name":"wp","href":"https:\/\/api.w.org\/{rel}","templated":true}]}}