{"id":48777,"date":"2019-02-15T16:46:16","date_gmt":"2019-02-15T16:46:16","guid":{"rendered":"https:\/\/colimdo.org\/?p=48777"},"modified":"2019-02-15T16:46:16","modified_gmt":"2019-02-15T16:46:16","slug":"pique-revela-messi-socio-organizador-la-copa-davis","status":"publish","type":"post","link":"https:\/\/colimdo.org\/noticias\/pique-revela-messi-socio-organizador-la-copa-davis\/","title":{"rendered":"Piqu\u00e9 revela que Messi es su socio como organizador de la Copa Davis"},"content":{"rendered":"<p>ESPN. La Copa Davis atrae a m\u00e1s y m\u00e1s figuras. En este caso, el cambio de formato para 2019, que sigue generando pol\u00e9micas, no se trata de tenistas, sino de futbolistas. Gerard Piqu\u00e9, figura del Barcelona espa\u00f1ol, cont\u00f3 que Lionel Messi, nada menos, es socio suyo en el grupo Kosmos, organizador del tradicional y centenario certamen.<\/p>\n<p>S\u00f3lo la fase inicial se disput\u00f3 este mes con el sistema hist\u00f3rico, de local\u00eda, porque la nueva iniciativa es que que las finales se realicen del 18 al 24 de noviembre, en Madrid, con 18 naciones. Este fue el punto que m\u00e1s problemas le trajo a Piqu\u00e9, CEO y cabeza visible de Kosmos, tras el acuerdo con la Federaci\u00f3n Internacional de Tenis (ITF).<\/p>\n<p>El jueves\u00a0se realiz\u00f3 el sorteo de los grupos\u00a0para noviembre y se supo que Argentina ser\u00e1 rival de Chile, en tanto que Colombia ser\u00e1 el otro conjunto sudamericano en busca de la codiciada ensaladera de plata, en su caso en su primera participaci\u00f3n en la elite mundial.<\/p>\n<p>Contento, Piqu\u00e9 cont\u00f3 en Madrid que Messi tambi\u00e9n participa en la inversi\u00f3n que han hecho en la nueva Copa Davis. &#8220;Leo sabe m\u00e1s que nadie sobre esto, ya que est\u00e1 involucrado en Kosmos&#8221;, remarc\u00f3 el defensor cul\u00e9.<\/p>\n<p>&#8220;Es un compa\u00f1ero y parte de la familia de Kosmos. Tenemos ya 18 a\u00f1os de relaci\u00f3n y siempre comparto con \u00e9l lo que pienso y estaba encantado de ser parte de esto y quer\u00eda serlo&#8221;, asegur\u00f3 el jugador espa\u00f1ol, esposo de la cantante colombiana Shakira.<\/p>\n<p>&#8220;A \u00e9l le encanta el tenis. Ama ser parte de esto&#8221;, dijo Piqu\u00e9. As\u00ed, los compa\u00f1eros de equipo tambi\u00e9n comparten esta pasi\u00f3n por el tenis y aportan en esta movida hist\u00f3rica para la Copa Davis. Claro, con adhesiones y muchas cr\u00edticas&#8230;<\/p>\n<p>&nbsp;<\/p>\n","protected":false},"excerpt":{"rendered":"<p>El jugador de f\u00fatbol revel\u00f3 que su compa\u00f1ero en el Barcelona es su socio en la organizaci\u00f3n del nuevo formato de la Copa Davis.<\/p>\n","protected":false},"author":16,"featured_media":48778,"comment_status":"closed","ping_status":"closed","sticky":false,"template":"","format":"standard","meta":[],"categories":[2,60],"tags":[],"acf":[],"_links":{"self":[{"href":"https:\/\/colimdo.org\/wp-api\/wp\/v2\/posts\/48777"}],"collection":[{"href":"https:\/\/colimdo.org\/wp-api\/wp\/v2\/posts"}],"about":[{"href":"https:\/\/colimdo.org\/wp-api\/wp\/v2\/types\/post"}],"author":[{"embeddable":true,"href":"https:\/\/colimdo.org\/wp-api\/wp\/v2\/users\/16"}],"replies":[{"embeddable":true,"href":"https:\/\/colimdo.org\/wp-api\/wp\/v2\/comments?post=48777"}],"version-history":[{"count":1,"href":"https:\/\/colimdo.org\/wp-api\/wp\/v2\/posts\/48777\/revisions"}],"predecessor-version":[{"id":48779,"href":"https:\/\/colimdo.org\/wp-api\/wp\/v2\/posts\/48777\/revisions\/48779"}],"wp:featuredmedia":[{"embeddable":true,"href":"https:\/\/colimdo.org\/wp-api\/wp\/v2\/media\/48778"}],"wp:attachment":[{"href":"https:\/\/colimdo.org\/wp-api\/wp\/v2\/media?parent=48777"}],"wp:term":[{"taxonomy":"category","embeddable":true,"href":"https:\/\/colimdo.org\/wp-api\/wp\/v2\/categories?post=48777"},{"taxonomy":"post_tag","embeddable":true,"href":"https:\/\/colimdo.org\/wp-api\/wp\/v2\/tags?post=48777"}],"curies":[{"name":"wp","href":"https:\/\/api.w.org\/{rel}","templated":true}]}}