{"id":48787,"date":"2019-02-15T17:25:00","date_gmt":"2019-02-15T17:25:00","guid":{"rendered":"https:\/\/colimdo.org\/?p=48787"},"modified":"2019-02-15T17:25:00","modified_gmt":"2019-02-15T17:25:00","slug":"deporte-vive-momentos-magicos-afirma-mejia-oviedo","status":"publish","type":"post","link":"https:\/\/colimdo.org\/noticias\/deporte-vive-momentos-magicos-afirma-mejia-oviedo\/","title":{"rendered":"El deporte \u201cvive momentos m\u00e1gicos\u201d, afirma Mej\u00eda Oviedo"},"content":{"rendered":"<p class=\"x_ydp8b7147b6MsoNormal\"><span lang=\"ES-TRAD\"><strong>SANTO DOMINGO<\/strong>.- \u201cVivimos momentos m\u00e1gicos\u201d en el deporte, afirm\u00f3 este viernes el licenciado Luis Mej\u00eda Oviedo, presidente del Comit\u00e9 Ol\u00edmpico Dominicano (COD), al encabezar una ofrenda floral en el Altar de la Patria.<\/span><\/p>\n<p class=\"x_ydp8b7147b6MsoNormal\"><span lang=\"ES-TRAD\">Mej\u00eda Oviedo destac\u00f3 la presencia de una significativa representaci\u00f3n del movimiento deportivo dominicano, incluyendo a dirigentes, atletas, clubes, funcionarios del Ministerio de Deportes, del C\u00edrculo Deportivo y empleados del COD.<\/span><\/p>\n<p class=\"x_ydp8b7147b6MsoNormal\"><span lang=\"ES-TRAD\">\u201cHemos venido hoy aqu\u00ed para rendir homenaje, reverencia, como un gesto de agradecimiento por lo que hicieron nuestros Padres de la Patria\u201d, sigui\u00f3 diciendo el dirigente deportivo que tambi\u00e9n es miembro del Comit\u00e9 Ol\u00edmpico Internacional, se\u00f1alando el orgullo y satisfacci\u00f3n de los presentes por estar en el sagrado mausoleo donde reposan los restos de Juan Pablo Duarte, Ram\u00f3n Mat\u00edas Mella y Francisco del Rosario S\u00e1nchez.<\/span><\/p>\n<p class=\"x_ydp8b7147b6MsoNormal\"><span lang=\"ES-TRAD\">Mej\u00eda Oviedo tambi\u00e9n se refiri\u00f3 a la tradici\u00f3n que ha hecho el COD de llegar al Altar de la Patria para rendir homenaje a los Padres de la Patria y la distinci\u00f3n que hace la Comisi\u00f3n de Efem\u00e9rides Patrias de asignar un d\u00eda para esta actividad.<\/span><\/p>\n<p class=\"x_ydp8b7147b6MsoNormal\"><span lang=\"ES-TRAD\">Al acto en el que tambi\u00e9n fue cantado el himno nacional por los presentes, estuvieron tambi\u00e9n Gilberto Garc\u00eda, secretario general del COD, as\u00ed como Jos\u00e9 Luis Ram\u00edrez, tesorero; Nelson Ram\u00edrez, co secretario; Gerardo Suero Correa y Dulce Mar\u00eda Pi\u00f1a, vocales.<\/span><\/p>\n<p class=\"x_ydp8b7147b6MsoNormal\"><span lang=\"ES-TRAD\">Tambi\u00e9n Fernando Teruel y Teresa Dur\u00e1n, funcionarios del Ministerio de Deportes y el C\u00edrculo Deportivo de las Fuerzas Armadas y la Polic\u00eda Nacional estuvo representado en la persona del coronel abogado Jos\u00e9 Luis N\u00fa\u00f1ez Garc\u00eda, oficial ejecutivo de ese organismo.<\/span><\/p>\n<p class=\"x_ydp8b7147b6MsoNormal\"><span lang=\"ES-TRAD\">Adem\u00e1s los dirigentes Manuel Hern\u00e1ndez, de la federaci\u00f3n de hockey, Miguel Rivera, de balonmano; Roberto Ram\u00edrez, de Fedoclubes, entre otros. Dirigentes de clubes y asociaciones, tambi\u00e9n participaron de la actividad.<\/span><\/p>\n<p class=\"x_ydp8b7147b6MsoNormal\"><span lang=\"ES-TRAD\">Es una tradici\u00f3n que la dirigencia deportiva ol\u00edmpica del pa\u00eds participe de los actos conmemorativos al Mes de la Patria, depositando una ofrenda floral para festejar la gesta independentista que lideraron Duarte, S\u00e1nchez y Mella.<\/span><\/p>\n","protected":false},"excerpt":{"rendered":"<p>Mej\u00eda Oviedo tambi\u00e9n se refiri\u00f3 a la tradici\u00f3n que ha hecho el COD de llegar al Altar de la Patria para rendir homenaje a los Padres de la Patria y la distinci\u00f3n que hace la Comisi\u00f3n de Efem\u00e9rides Patrias de asignar un d\u00eda para esta actividad.<\/p>\n","protected":false},"author":16,"featured_media":48797,"comment_status":"closed","ping_status":"closed","sticky":false,"template":"","format":"standard","meta":[],"categories":[2,60],"tags":[],"acf":[],"_links":{"self":[{"href":"https:\/\/colimdo.org\/wp-api\/wp\/v2\/posts\/48787"}],"collection":[{"href":"https:\/\/colimdo.org\/wp-api\/wp\/v2\/posts"}],"about":[{"href":"https:\/\/colimdo.org\/wp-api\/wp\/v2\/types\/post"}],"author":[{"embeddable":true,"href":"https:\/\/colimdo.org\/wp-api\/wp\/v2\/users\/16"}],"replies":[{"embeddable":true,"href":"https:\/\/colimdo.org\/wp-api\/wp\/v2\/comments?post=48787"}],"version-history":[{"count":1,"href":"https:\/\/colimdo.org\/wp-api\/wp\/v2\/posts\/48787\/revisions"}],"predecessor-version":[{"id":48798,"href":"https:\/\/colimdo.org\/wp-api\/wp\/v2\/posts\/48787\/revisions\/48798"}],"wp:featuredmedia":[{"embeddable":true,"href":"https:\/\/colimdo.org\/wp-api\/wp\/v2\/media\/48797"}],"wp:attachment":[{"href":"https:\/\/colimdo.org\/wp-api\/wp\/v2\/media?parent=48787"}],"wp:term":[{"taxonomy":"category","embeddable":true,"href":"https:\/\/colimdo.org\/wp-api\/wp\/v2\/categories?post=48787"},{"taxonomy":"post_tag","embeddable":true,"href":"https:\/\/colimdo.org\/wp-api\/wp\/v2\/tags?post=48787"}],"curies":[{"name":"wp","href":"https:\/\/api.w.org\/{rel}","templated":true}]}}