{"id":48789,"date":"2019-02-15T17:17:28","date_gmt":"2019-02-15T17:17:28","guid":{"rendered":"https:\/\/colimdo.org\/?p=48789"},"modified":"2019-02-15T17:17:28","modified_gmt":"2019-02-15T17:17:28","slug":"nadal-duelos-copa-davisel-grupo-croacia-rusia-complicado","status":"publish","type":"post","link":"https:\/\/colimdo.org\/noticias\/nadal-duelos-copa-davisel-grupo-croacia-rusia-complicado\/","title":{"rendered":"Nadal sobre duelos Copa Davis:&#8221;El grupo con Croacia y Rusia es complicado&#8221;"},"content":{"rendered":"<p class=\"canvas-atom canvas-text Mb(1.0em) Mb(0)--sm Mt(0.8em)--sm\">Palma, 15 feb (EFE).- Rafael Nadal, n\u00famero dos del mundo, calific\u00f3 este viernes de &#8220;complicado&#8221; el Grupo B de las Finales de la Copa Davis que enfrentar\u00e1 a Croacia, vigente campe\u00f3n, Rusia y Espa\u00f1a en la Caja M\u00e1gica de Madrid entre el 18 y el 24 de noviembre.<\/p>\n<p class=\"canvas-atom canvas-text Mb(1.0em) Mb(0)--sm Mt(0.8em)--sm\">&#8220;El grupo con Croacia y Rusia es complicado&#8221;, asegur\u00f3 Nadal, pero mostr\u00f3 su confianza en que a Espa\u00f1a le &#8220;vaya bien&#8221;, en declaraciones a IB3 Televisi\u00f3n.<\/p>\n<p class=\"canvas-atom canvas-text Mb(1.0em) Mb(0)--sm Mt(0.8em)--sm\">El mallorqu\u00edn destac\u00f3 &#8220;la calidad&#8221; de varios tenistas que se enfrentar\u00e1n a Espa\u00f1a, entre ellos, los rusos Karen Khachanov y Andrei Rublev, y los croatas Marin Cilic y Borna Coric. &#8220;Son muy buenos jugadores&#8221;, resumi\u00f3.<\/p>\n<p class=\"canvas-atom canvas-text Mb(1.0em) Mb(0)--sm Mt(0.8em)--sm\">Su entrenador, Carlos Moy\u00e1, dijo que el grupo &#8220;es el peor que le pod\u00eda tocar a Espa\u00f1a&#8221;.<\/p>\n<p class=\"canvas-atom canvas-text Mb(1.0em) Mb(0)--sm Mt(0.8em)--sm\">&#8220;No hay rival f\u00e1cil en la Copa Davis, sobre todo Rusia, que es el m\u00e1s duro que nos pod\u00eda tocar. No podemos estar contentos, pero ellos (croatas y rusos) tampoco y ya veremos lo que pasa&#8221;, manifest\u00f3 el ex n\u00famero uno del mundo.<\/p>\n<p class=\"canvas-atom canvas-text Mb(1.0em) Mb(0)--sm Mt(0.8em)--sm\">Nadal reanud\u00f3 los entrenamientos tras una semana de descanso en las pistas de su academia en Manacor y asegur\u00f3 que tiene &#8220;tiempo suficiente&#8221; para preparar su participaci\u00f3n en los torneos de Acapulco y los Masters 1.000 de Indian Wells y Miami.<\/p>\n<p class=\"canvas-atom canvas-text Mb(1.0em) Mb(0)--sm Mt(0.8em)--sm\">&#8220;Es una gira que me agrada y que hist\u00f3ricamente se me ha dado bien. Voy con la ilusi\u00f3n de competir&#8221;, afirm\u00f3 Nadal.<\/p>\n<p class=\"canvas-atom canvas-text Mb(1.0em) Mb(0)--sm Mt(0.8em)--sm\">Sobre el inicio de la temporada 2019, el ganador de 17 torneos del Grand Slam resalt\u00f3 que su comienzo del a\u00f1o ha sido satisfactorio, aunque resalt\u00f3 que fue &#8220;una pena no competir en Abu Dhabi&#8221;.<\/p>\n<p class=\"canvas-atom canvas-text Mb(1.0em) Mb(0)--sm Mt(0.8em)--sm\">El tenista balear renunci\u00f3 a jugar por el tercer puesto del torneo de Abu Dhabi el pasado mes de diciembre ante el ruso Karen Khachanov tras ser derrotado por el surafricano Kevin Anderson en un duro partido. Ven\u00eda de una lesi\u00f3n y no quiso forzar antes de afrontar el Abierto de Australia.<\/p>\n<p class=\"canvas-atom canvas-text Mb(1.0em) Mb(0)--sm Mt(0.8em)--sm\">&#8220;Perd\u00ed en Australia (la final en Melbourne ante el serbio Novak Djokovic) y no fue de la manera que me hubiera agradado, pero est\u00e1 muy bien&#8221;, dijo Rafael Nadal.<\/p>\n","protected":false},"excerpt":{"rendered":"<p>El mallorqu\u00edn destac\u00f3 &#8220;la calidad&#8221; de varios tenistas que se enfrentar\u00e1n a Espa\u00f1a, entre ellos, los rusos Karen Khachanov y Andrei Rublev, y los croatas Marin Cilic y Borna Coric. &#8220;Son muy buenos jugadores&#8221;, resumi\u00f3.<\/p>\n","protected":false},"author":16,"featured_media":48790,"comment_status":"closed","ping_status":"closed","sticky":false,"template":"","format":"standard","meta":[],"categories":[2,60],"tags":[],"acf":[],"_links":{"self":[{"href":"https:\/\/colimdo.org\/wp-api\/wp\/v2\/posts\/48789"}],"collection":[{"href":"https:\/\/colimdo.org\/wp-api\/wp\/v2\/posts"}],"about":[{"href":"https:\/\/colimdo.org\/wp-api\/wp\/v2\/types\/post"}],"author":[{"embeddable":true,"href":"https:\/\/colimdo.org\/wp-api\/wp\/v2\/users\/16"}],"replies":[{"embeddable":true,"href":"https:\/\/colimdo.org\/wp-api\/wp\/v2\/comments?post=48789"}],"version-history":[{"count":1,"href":"https:\/\/colimdo.org\/wp-api\/wp\/v2\/posts\/48789\/revisions"}],"predecessor-version":[{"id":48791,"href":"https:\/\/colimdo.org\/wp-api\/wp\/v2\/posts\/48789\/revisions\/48791"}],"wp:featuredmedia":[{"embeddable":true,"href":"https:\/\/colimdo.org\/wp-api\/wp\/v2\/media\/48790"}],"wp:attachment":[{"href":"https:\/\/colimdo.org\/wp-api\/wp\/v2\/media?parent=48789"}],"wp:term":[{"taxonomy":"category","embeddable":true,"href":"https:\/\/colimdo.org\/wp-api\/wp\/v2\/categories?post=48789"},{"taxonomy":"post_tag","embeddable":true,"href":"https:\/\/colimdo.org\/wp-api\/wp\/v2\/tags?post=48789"}],"curies":[{"name":"wp","href":"https:\/\/api.w.org\/{rel}","templated":true}]}}