{"id":48792,"date":"2019-02-15T17:22:34","date_gmt":"2019-02-15T17:22:34","guid":{"rendered":"https:\/\/colimdo.org\/?p=48792"},"modified":"2019-02-15T17:22:34","modified_gmt":"2019-02-15T17:22:34","slug":"nin-reyes-dimitrova-sebelen-seran-premiados-gala-olimpica","status":"publish","type":"post","link":"https:\/\/colimdo.org\/noticias\/nin-reyes-dimitrova-sebelen-seran-premiados-gala-olimpica\/","title":{"rendered":"Nin Reyes, Dimitrova y Sebel\u00e9n ser\u00e1n premiados en Gala Ol\u00edmpica"},"content":{"rendered":"<p class=\"x_ydpf295fe42yiv3312778369ydpf2cf707cmsonormal\"><span lang=\"ES-TRAD\">SANTO DOMINGO.- Los atletas Audrys Nin Reyes, Mar\u00eda Dimitrova y Rolando Sebel\u00e9n, forman parte de una legi\u00f3n de atletas que ser\u00e1n premiados durante el ceremonial de la \u201cGran Gala Ol\u00edmpica\u201d que ser\u00e1 celebrada el mi\u00e9rcoles, 20 de febrero pr\u00f3ximo.<\/span><\/p>\n<p class=\"x_ydpf295fe42yiv3312778369ydpf2cf707cyiv5048969872ydpad008399msonormal\"><span lang=\"ES-TRAD\">Nin Reyes, ganador de medallas de oro y dos de bronce en los Juegos Centroamericanos y del Caribe de Barranquilla, ser\u00e1 premiado como atleta del a\u00f1o en gimnasia, mientras que Dimitrova, quien conquist\u00f3 su quinta medalla de oro en la cita deportiva regional, ser\u00e1 distinguida como la mejor en karate y Sebel\u00e9n ser\u00e1 distinguido como el mejor en boliche.<\/span><\/p>\n<p class=\"x_ydpf295fe42yiv3312778369ydpf2cf707cyiv5048969872ydpad008399msonormal\"><span lang=\"ES-TRAD\">Otros atletas que ser\u00e1n premiados ser\u00e1n Rossy Feliz, de esgrima; Albania Marte Mambreuaux, de hockey sobre c\u00e9sped; Medickson del Orbe, de judo; Yae Eun Kim (Stephany), de golf; y Edipo Rodr\u00edguez, en f\u00fatbol.<\/span><\/p>\n<p class=\"x_ydpf295fe42yiv3312778369ydpf2cf707cyiv5048969872ydpad008399msonormal\"><span lang=\"ES-TRAD\">Tambi\u00e9n ser\u00e1n premiados los atletas Juan Ram\u00edrez, de lucha; Krystal Denise Lara Garz\u00f3n, de nataci\u00f3n; Micaela Marcelloni Arias, en patinaje y Merynanyely Delgado Araujo, en racquetbol; y Brayan Almonte, de pentatl\u00f3n.<\/span><\/p>\n<p class=\"x_ydpf295fe42yiv3312778369ydpf2cf707cyiv5048969872ydpad008399msonormal\"><span lang=\"ES-TRAD\">La \u201cGran Gala Ol\u00edmpica\u201d del Comit\u00e9 Ol\u00edmpico Dominicano (COD) que ser\u00e1 celebrada el mi\u00e9rcoles, 20 de febrero pr\u00f3ximo, en el gran sal\u00f3n La Fiesta del Hotel Jaragua.<\/span><\/p>\n<p class=\"x_ydpf295fe42yiv3312778369ydpf2cf707cyiv5048969872ydpad008399yiv3402792999ydp24a1a84bmsonormal\"><span lang=\"ES-TRAD\">La festividad iniciar\u00e1 a las 6:30 de la noche en el loby del hotel, con un coctel con los atletas, donde podr\u00e1n tomarse fotograf\u00edas y firmar aut\u00f3grafos con los deportistas, como pre\u00e1mbulo al inicio de la Gala que comenzar\u00e1 a las 7:30 de la noche para ser transmitida por televisi\u00f3n a toda la naci\u00f3n y al mundo.<\/span><\/p>\n<p class=\"x_ydpf295fe42yiv3312778369ydpf2cf707cyiv5048969872ydpad008399yiv3402792999ydp24a1a84bmsonormal\"><span lang=\"ES-TRAD\">La \u201cGran Gala Ol\u00edmpica\u201d tendr\u00e1 como conductores a Yancen Pujols y Sussy Jim\u00e9nez y se efectuar\u00e1 en el Gran Sal\u00f3n La Fiesta del hotel Jaragua.<\/span><\/p>\n<p class=\"x_ydpf295fe42yiv3312778369ydpf2cf707cyiv5048969872ydpad008399yiv3402792999ydp24a1a84bmsonormal\"><span lang=\"ES-TRAD\">Una nota de la Direcci\u00f3n de Prensa del COD informa que se ha preparado un gran show art\u00edstico como parte de la gran fiesta deportiva.<\/span><\/p>\n<p class=\"x_ydpf295fe42yiv3312778369ydpf2cf707cyiv5048969872ydpad008399yiv3402792999ydp24a1a84bmsonormal\"><span lang=\"ES-TRAD\">La \u201cGran Gala Ol\u00edmpica\u201d es la principal fiesta deportiva del deporte dominicano, donde se premian a los atletas que m\u00e1s trascendieron durante el pasado a\u00f1o, tambi\u00e9n se aprovecha la ocasi\u00f3n para reconocer a instituciones y personalidades que han ofrecido un servicio al deporte del pa\u00eds. El evento cuenta con el respaldo del Ministerio de Deportes y la Cervecer\u00eda Nacional Dominicana.<\/span><\/p>\n<p class=\"x_ydpf295fe42yiv3312778369ydpf2cf707cyiv5048969872ydpad008399yiv3402792999ydp24a1a84bmsonormal\"><span lang=\"ES-TRAD\">\u00a0<\/span><\/p>\n","protected":false},"excerpt":{"rendered":"<p>Nin Reyes, ganador de medallas de oro y dos de bronce en los Juegos Centroamericanos y del Caribe de Barranquilla, ser\u00e1 premiado como atleta del a\u00f1o en gimnasia, mientras que Dimitrova, quien conquist\u00f3 su quinta medalla de oro en la cita deportiva regional, ser\u00e1 distinguida como la mejor en karate y Sebel\u00e9n ser\u00e1 distinguido como el mejor en boliche.<\/p>\n","protected":false},"author":16,"featured_media":48794,"comment_status":"closed","ping_status":"closed","sticky":false,"template":"","format":"standard","meta":[],"categories":[2,60],"tags":[],"acf":[],"_links":{"self":[{"href":"https:\/\/colimdo.org\/wp-api\/wp\/v2\/posts\/48792"}],"collection":[{"href":"https:\/\/colimdo.org\/wp-api\/wp\/v2\/posts"}],"about":[{"href":"https:\/\/colimdo.org\/wp-api\/wp\/v2\/types\/post"}],"author":[{"embeddable":true,"href":"https:\/\/colimdo.org\/wp-api\/wp\/v2\/users\/16"}],"replies":[{"embeddable":true,"href":"https:\/\/colimdo.org\/wp-api\/wp\/v2\/comments?post=48792"}],"version-history":[{"count":1,"href":"https:\/\/colimdo.org\/wp-api\/wp\/v2\/posts\/48792\/revisions"}],"predecessor-version":[{"id":48796,"href":"https:\/\/colimdo.org\/wp-api\/wp\/v2\/posts\/48792\/revisions\/48796"}],"wp:featuredmedia":[{"embeddable":true,"href":"https:\/\/colimdo.org\/wp-api\/wp\/v2\/media\/48794"}],"wp:attachment":[{"href":"https:\/\/colimdo.org\/wp-api\/wp\/v2\/media?parent=48792"}],"wp:term":[{"taxonomy":"category","embeddable":true,"href":"https:\/\/colimdo.org\/wp-api\/wp\/v2\/categories?post=48792"},{"taxonomy":"post_tag","embeddable":true,"href":"https:\/\/colimdo.org\/wp-api\/wp\/v2\/tags?post=48792"}],"curies":[{"name":"wp","href":"https:\/\/api.w.org\/{rel}","templated":true}]}}