{"id":48811,"date":"2019-02-16T22:58:20","date_gmt":"2019-02-16T22:58:20","guid":{"rendered":"https:\/\/colimdo.org\/?p=48811"},"modified":"2019-02-16T22:58:20","modified_gmt":"2019-02-16T22:58:20","slug":"tefera-establece-record-mundial-1-500-metros-techo","status":"publish","type":"post","link":"https:\/\/colimdo.org\/noticias\/tefera-establece-record-mundial-1-500-metros-techo\/","title":{"rendered":"Tefera establece r\u00e9cord mundial en 1.500 metros bajo techo"},"content":{"rendered":"<p>BIRMINGHAM, Inglaterra (AP) \u2014 El adolescente et\u00edope Samuel Tefera super\u00f3 una marca mundial que llevaba 22 a\u00f1os al ganar la carrera de 1.500 metros bajo techo en 3 minutos, 31,04 segundos en el Gran Premio de Birmingham el s\u00e1bado.<\/p>\n<p>Tefera, de 19 a\u00f1os, campe\u00f3n mundial bajo techo, super\u00f3 a su compatriota Yomif Kejelcha cuando los dos entraron en la curva final y lo aventaj\u00f3 finalmente por 0,54 segundos.<\/p>\n<p>Super\u00f3 por 0,14 segundos la marca de 3:31.18 impuesta por el marroqu\u00ed Hicham El Guerrouj en 1997. El Guerrouj conserva desde 1998 el r\u00e9cord mundial al aire libre de 3:26.00.<\/p>\n","protected":false},"excerpt":{"rendered":"<p>BIRMINGHAM, Inglaterra (AP) \u2014 El adolescente et\u00edope Samuel Tefera super\u00f3 una marca mundial que llevaba 22 a\u00f1os al ganar la carrera de 1.500 metros bajo techo en 3 minutos, 31,04 segundos en el Gran Premio de Birmingham el s\u00e1bado. Tefera, de 19 a\u00f1os, campe\u00f3n mundial bajo techo, super\u00f3 a su compatriota Yomif Kejelcha cuando los [&hellip;]<\/p>\n","protected":false},"author":9,"featured_media":48812,"comment_status":"closed","ping_status":"closed","sticky":false,"template":"","format":"standard","meta":[],"categories":[2,60],"tags":[],"acf":[],"_links":{"self":[{"href":"https:\/\/colimdo.org\/wp-api\/wp\/v2\/posts\/48811"}],"collection":[{"href":"https:\/\/colimdo.org\/wp-api\/wp\/v2\/posts"}],"about":[{"href":"https:\/\/colimdo.org\/wp-api\/wp\/v2\/types\/post"}],"author":[{"embeddable":true,"href":"https:\/\/colimdo.org\/wp-api\/wp\/v2\/users\/9"}],"replies":[{"embeddable":true,"href":"https:\/\/colimdo.org\/wp-api\/wp\/v2\/comments?post=48811"}],"version-history":[{"count":1,"href":"https:\/\/colimdo.org\/wp-api\/wp\/v2\/posts\/48811\/revisions"}],"predecessor-version":[{"id":48813,"href":"https:\/\/colimdo.org\/wp-api\/wp\/v2\/posts\/48811\/revisions\/48813"}],"wp:featuredmedia":[{"embeddable":true,"href":"https:\/\/colimdo.org\/wp-api\/wp\/v2\/media\/48812"}],"wp:attachment":[{"href":"https:\/\/colimdo.org\/wp-api\/wp\/v2\/media?parent=48811"}],"wp:term":[{"taxonomy":"category","embeddable":true,"href":"https:\/\/colimdo.org\/wp-api\/wp\/v2\/categories?post=48811"},{"taxonomy":"post_tag","embeddable":true,"href":"https:\/\/colimdo.org\/wp-api\/wp\/v2\/tags?post=48811"}],"curies":[{"name":"wp","href":"https:\/\/api.w.org\/{rel}","templated":true}]}}