{"id":48817,"date":"2019-02-17T04:58:43","date_gmt":"2019-02-17T04:58:43","guid":{"rendered":"https:\/\/colimdo.org\/?p=48817"},"modified":"2019-02-17T04:58:43","modified_gmt":"2019-02-17T04:58:43","slug":"eloy-jimenez-debutara-cuando-los-medias-blancas-quieran","status":"publish","type":"post","link":"https:\/\/colimdo.org\/noticias\/eloy-jimenez-debutara-cuando-los-medias-blancas-quieran\/","title":{"rendered":"Eloy Jim\u00e9nez debutar\u00e1 cuando los Medias Blancas quieran"},"content":{"rendered":"<p>GLENDALE, Arizona, EE.UU. (AP) \u2014 Eloy Jim\u00e9nez niega sentir presi\u00f3n por las altas expectativas que ha generado. Ni siquiera se sinti\u00f3 agobiado cuando Michael Kopech, otro prospecto de los Medias Blancas, lo consider\u00f3 \u201cel Babe Ruth de nuestra generaci\u00f3n\u201d.<\/p>\n<p>\u201cS\u00ed, \u00e9l me dijo eso en la Triple A\u201d, rememor\u00f3 Jim\u00e9nez el s\u00e1bado. \u201cMe siento orgulloso y bendecido, y yo creo que \u00e9l es el pr\u00f3ximo Nolan Ryan\u201d.<\/p>\n<p>El debut de Kopech deber\u00e1 esperar al menos un a\u00f1o, cuando el derecho se recupere de la cirug\u00eda de Tommy John. En cambio, Jim\u00e9nez podr\u00eda aparecer muy pronto en el sur de Chicago.<\/p>\n<p>Adquirido hace dos a\u00f1os a los Cachorros de la misma ciudad en un canje por el lanzador colombiano Jos\u00e9 Quintana, Jim\u00e9nez se ha preparado para llegar al m\u00e1ximo circuito. El dominicano ha trabajado en sus labores defensivas y ha castigado al pitcheo en la Doble A y la Triple A.<\/p>\n<p>El a\u00f1o pasado, cuando dividi\u00f3 tiempo entre esos dos niveles de las ligas menores, el jardinero de 22 a\u00f1os bate\u00f3 para .337 con 22 jonrones. MLB.com lo considera el tercer mejor prospecto del b\u00e9isbol.<\/p>\n<p>Jim\u00e9nez dijo que se sinti\u00f3 \u201cun poquito decepcionado\u201d al final de la temporada, cuando no fue convocado a primer equipo. Tal vez tampoco comience esta campa\u00f1a con el primer equipo, dado que la espera de algunas semanas dar\u00eda a los Medias Blancas un a\u00f1o de control antes de que el pelotero pueda declararse agente libre.<\/p>\n<p>\u201cSimplemente vamos a ver c\u00f3mo luce y a tomar decisiones en el pr\u00f3ximo par de semanas\u201d, indic\u00f3 a comienzos de esta semana Rick Hahn, el gerente general de los Medias Blancas. \u201cEn nuestra opini\u00f3n, \u00e9l va a ser un tremendo pelotero para los Medias Blancas de Chicago durante mucho tiempo. Todos pensamos que va a tener un impacto significativo en el terreno con este equipo durante este a\u00f1o, y que pasar\u00e1 buena parte de la campa\u00f1a en Chicago, si no es que toda. Est\u00e1 por verse cu\u00e1ndo comenzar\u00e1 ese tiempo\u201d.<\/p>\n<p>Por su parte, Jim\u00e9nez busca olvidarse del tema.<\/p>\n<p>\u201cDar\u00e9 el paso, y seguir\u00e9 haciendo todo lo que puedo\u201d, indic\u00f3.<\/p>\n<p>No s\u00f3lo sus compa\u00f1eros, jefes y evaluadores de talento lo consideran una futura estrella. Jim\u00e9nez espera mucho de s\u00ed mismo, y busca conquistar el premio al Novato del A\u00f1o en la Liga Americana. Para ello podr\u00eda librar una batalla contra su compatriota Vladimir Guerrero Jr., de los Azulejos de Toronto, considerado por MLB.com el mejor prospecto.<\/p>\n<p>\u201cEsto no me presiona, porque en realidad no pienso en ello\u201d, explic\u00f3. \u201cS\u00f3lo trato de trabajar duro y de estar listo para este momento. Suponiendo que llegue ah\u00ed, voy a seguir haciendo lo que he hecho en toda mi carrera\u201d.<\/p>\n<p>Al manager Rick Renter\u00eda le gusta lo que ve en Jim\u00e9nez, quien jugar\u00eda en el jard\u00edn izquierdo y en el derecho a partir de la pr\u00f3xima semana, cuando comienza la actividad de pretemporada en la Liga del Cactus.<\/p>\n<p>\u201cPienso que \u00e9l seguir\u00e1 desarroll\u00e1ndose a la defensiva. Creo que puede ser mejor que el promedio a la defensiva\u201d, indic\u00f3.<\/p>\n<p>Acerca de la comparaci\u00f3n atrevida que hizo Kopeck, Renter\u00eda se mostr\u00f3 sorprendido, pero confi\u00f3 en que Jim\u00e9nez s\u00ed llegue a ser un nuevo Ruth.<\/p>\n<p>\u201c\u00a1Guau! Me alegra que \u00e9l sepa qui\u00e9n fue Babe Ruth\u201d, indic\u00f3 el manager entre risas el s\u00e1bado, durante un encuentro con la prensa. \u201cOjal\u00e1 que s\u00ed lo sea. Es asombroso\u201d.<\/p>\n","protected":false},"excerpt":{"rendered":"<p>GLENDALE, Arizona, EE.UU. (AP) \u2014 Eloy Jim\u00e9nez niega sentir presi\u00f3n por las altas expectativas que ha generado. Ni siquiera se sinti\u00f3 agobiado cuando Michael Kopech, otro prospecto de los Medias Blancas, lo consider\u00f3 \u201cel Babe Ruth de nuestra generaci\u00f3n\u201d. \u201cS\u00ed, \u00e9l me dijo eso en la Triple A\u201d, rememor\u00f3 Jim\u00e9nez el s\u00e1bado. \u201cMe siento orgulloso [&hellip;]<\/p>\n","protected":false},"author":9,"featured_media":48819,"comment_status":"closed","ping_status":"closed","sticky":false,"template":"","format":"standard","meta":[],"categories":[2,60],"tags":[],"acf":[],"_links":{"self":[{"href":"https:\/\/colimdo.org\/wp-api\/wp\/v2\/posts\/48817"}],"collection":[{"href":"https:\/\/colimdo.org\/wp-api\/wp\/v2\/posts"}],"about":[{"href":"https:\/\/colimdo.org\/wp-api\/wp\/v2\/types\/post"}],"author":[{"embeddable":true,"href":"https:\/\/colimdo.org\/wp-api\/wp\/v2\/users\/9"}],"replies":[{"embeddable":true,"href":"https:\/\/colimdo.org\/wp-api\/wp\/v2\/comments?post=48817"}],"version-history":[{"count":1,"href":"https:\/\/colimdo.org\/wp-api\/wp\/v2\/posts\/48817\/revisions"}],"predecessor-version":[{"id":48820,"href":"https:\/\/colimdo.org\/wp-api\/wp\/v2\/posts\/48817\/revisions\/48820"}],"wp:featuredmedia":[{"embeddable":true,"href":"https:\/\/colimdo.org\/wp-api\/wp\/v2\/media\/48819"}],"wp:attachment":[{"href":"https:\/\/colimdo.org\/wp-api\/wp\/v2\/media?parent=48817"}],"wp:term":[{"taxonomy":"category","embeddable":true,"href":"https:\/\/colimdo.org\/wp-api\/wp\/v2\/categories?post=48817"},{"taxonomy":"post_tag","embeddable":true,"href":"https:\/\/colimdo.org\/wp-api\/wp\/v2\/tags?post=48817"}],"curies":[{"name":"wp","href":"https:\/\/api.w.org\/{rel}","templated":true}]}}