{"id":48821,"date":"2019-02-17T05:02:39","date_gmt":"2019-02-17T05:02:39","guid":{"rendered":"https:\/\/colimdo.org\/?p=48821"},"modified":"2019-02-17T05:02:39","modified_gmt":"2019-02-17T05:02:39","slug":"nba-fiba-planean-liga-profesional-africa","status":"publish","type":"post","link":"https:\/\/colimdo.org\/noticias\/nba-fiba-planean-liga-profesional-africa\/","title":{"rendered":"NBA y FIBA planean liga profesional en \u00c1frica"},"content":{"rendered":"<p>CHARLOTTE, Carolina del Norte, EE.UU. (AP) \u2014 La NBA llevar\u00e1 una liga profesional a \u00c1frica.<\/p>\n<p>La Liga Africana de Basquetbol, un nuevo proyecto de colaboraci\u00f3n entre la NBA y la Federaci\u00f3n Internacional de Baloncesto (FIBA), fue anunciada el s\u00e1bado. El plan inicial apunta a que la liga, de 12 equipos, comience su actividad en enero.<\/p>\n<p>El expresidente estadounidense Barack Obama figura entre quienes se involucrar\u00edan directamente con el plan de la NBA para impulsar este deporte en \u00c1frica mediante este nuevo torneo y otras iniciativas.<\/p>\n<p>Se desconoce en qu\u00e9 consistir\u00e1 la participaci\u00f3n de Obama o qu\u00e9 clubes existentes ser\u00e1n parte de la liga. En el a\u00f1o, se realizar\u00edan torneos eliminatorios para definir a esos equipos.<\/p>\n<p>Angola, Egipto, Kenia, Marruecos, Nigeria, Ruanda, Senegal, Sud\u00e1frica y T\u00fanez contar\u00edan con equipos participantes en el certamen. Ning\u00fan pa\u00eds podr\u00eda contar con m\u00e1s de dos equipos en la liga.<\/p>\n<p>\u201cDurante los \u00faltimos meses, mientras hemos hablado de este concepto, ha habido una tremenda recepci\u00f3n por parte de muchos due\u00f1os de nuestros equipos en la NBA&#8230; Y adem\u00e1s, varios socios de la NBA han expresado su firme deseo de trabajar con nosotros en \u00c1frica\u201d, dijo Silver.<\/p>\n<p>A\u00f1adi\u00f3 que varios patrocinadores se han aproximado a la NBA para manifestar su inter\u00e9s en ser parte de la liga, incluyendo Pepsi y la Jordan Brand de Nike _el exastro Michael Jordan, due\u00f1o de los Hornets de Charlotte, figur\u00f3 entre los propietarios que acompa\u00f1aban a Silver en la conferencia donde se hizo el anuncio.<\/p>\n<p>Silver dijo tambi\u00e9n que Obama, apasionado seguidor del basquetbol, le ha dicho que quiere \u201cestar directamente involucrado con estas actividades en \u00c1frica\u201d.<\/p>\n<p>Hay ya conversaciones entre la NBA y Obama, indic\u00f3 Silver.<\/p>\n<p>Obama habl\u00f3 en un video que se mostr\u00f3 durante el acto en que Silver anunci\u00f3 la liga.<\/p>\n<p>\u201cEspero que ustedes sepan mediante el deporte que si se esfuerzan ser\u00e1n recompensados\u201d, dijo Obama. \u201cEspero que ustedes aprendan mediante el deporte lo que significa jugar en equipo. Incluso si saben que son el mejor jugador, su trabajo no es demostrarlo, sino hacer que los compa\u00f1eros mejoren\u201d.<\/p>\n","protected":false},"excerpt":{"rendered":"<p>CHARLOTTE, Carolina del Norte, EE.UU. (AP) \u2014 La NBA llevar\u00e1 una liga profesional a \u00c1frica. La Liga Africana de Basquetbol, un nuevo proyecto de colaboraci\u00f3n entre la NBA y la Federaci\u00f3n Internacional de Baloncesto (FIBA), fue anunciada el s\u00e1bado. El plan inicial apunta a que la liga, de 12 equipos, comience su actividad en enero. [&hellip;]<\/p>\n","protected":false},"author":9,"featured_media":48822,"comment_status":"closed","ping_status":"closed","sticky":false,"template":"","format":"standard","meta":[],"categories":[2,60],"tags":[],"acf":[],"_links":{"self":[{"href":"https:\/\/colimdo.org\/wp-api\/wp\/v2\/posts\/48821"}],"collection":[{"href":"https:\/\/colimdo.org\/wp-api\/wp\/v2\/posts"}],"about":[{"href":"https:\/\/colimdo.org\/wp-api\/wp\/v2\/types\/post"}],"author":[{"embeddable":true,"href":"https:\/\/colimdo.org\/wp-api\/wp\/v2\/users\/9"}],"replies":[{"embeddable":true,"href":"https:\/\/colimdo.org\/wp-api\/wp\/v2\/comments?post=48821"}],"version-history":[{"count":1,"href":"https:\/\/colimdo.org\/wp-api\/wp\/v2\/posts\/48821\/revisions"}],"predecessor-version":[{"id":48823,"href":"https:\/\/colimdo.org\/wp-api\/wp\/v2\/posts\/48821\/revisions\/48823"}],"wp:featuredmedia":[{"embeddable":true,"href":"https:\/\/colimdo.org\/wp-api\/wp\/v2\/media\/48822"}],"wp:attachment":[{"href":"https:\/\/colimdo.org\/wp-api\/wp\/v2\/media?parent=48821"}],"wp:term":[{"taxonomy":"category","embeddable":true,"href":"https:\/\/colimdo.org\/wp-api\/wp\/v2\/categories?post=48821"},{"taxonomy":"post_tag","embeddable":true,"href":"https:\/\/colimdo.org\/wp-api\/wp\/v2\/tags?post=48821"}],"curies":[{"name":"wp","href":"https:\/\/api.w.org\/{rel}","templated":true}]}}