{"id":48830,"date":"2019-02-17T14:23:46","date_gmt":"2019-02-17T14:23:46","guid":{"rendered":"https:\/\/colimdo.org\/?p=48830"},"modified":"2019-02-17T14:23:46","modified_gmt":"2019-02-17T14:23:46","slug":"william-ozuna-reelecto-presidente-la-federacion-dominicana-pesas","status":"publish","type":"post","link":"https:\/\/colimdo.org\/noticias\/william-ozuna-reelecto-presidente-la-federacion-dominicana-pesas\/","title":{"rendered":"William Ozuna es reelecto presidente de la Federaci\u00f3n Dominicana de Pesas"},"content":{"rendered":"<p>SANTO DOMINGO. El licenciado William Ozuna fue reelecto como presidente de la Federaci\u00f3n Dominicana de Levantamiento de Pesas.<\/p>\n<p>Ozuna seguir\u00e1 presidiendo esa instituci\u00f3n luego de liderar una plancha de consenso durante el Asamblea Eleccionaria celebrada ayer en el Pabell\u00f3n de Halterofilia doctor Jos\u00e9 Joaqu\u00edn Puello, del Parque del Este.<\/p>\n<p>Fue electo con el voto de los 17 delegados presentes. De manera un\u00e1nime, los sufragantes tambi\u00e9n dieron su voto a los restantes dirigentes escogidos para como miembros del nuevo Comit\u00e9 Ejecutivo que regir\u00e1 los destinos de Fedompesas por el cuatrenio 2019-2023.<\/p>\n<p>Ozuna dirigir\u00e1 la instituci\u00f3n acompa\u00f1ado Porfirio Veras Mercedes (Popo), Luis Disla y Rafael Soto, electos como el primero, segundo y tercer vicepresidentes, respectivamente.<\/p>\n<p>El doctor Bol\u00edvar Vargas Candelario, antiguo presidente de la entidad, repetir\u00e1 como secretario general, al igual que el tesorero Reymundo Gantier.<\/p>\n<p>La directiva escogida ayer la completan Maritza Ortiz, Isaac Toribio y \u00c7Andr\u00e9s D\u00edaz Arriaga, en calidad de primera, segundo y tercer vocal.<\/p>\n<p>Nueva modalidad<\/p>\n<p>La \u00fanica posici\u00f3n que se escogi\u00f3 de manera colectiva fue la de Presidente. Las dem\u00e1s fueron sometidas a votaci\u00f3n por el sistema individual a la consideraci\u00f3n de los 17 votantes, para cumplir con los mandatos del Comit\u00e9 Ol\u00edmpico Dominicano, cuyo presidente, Luis\u00edn Mej\u00eda, supervis\u00f3 el proceso y jurament\u00f3 al nuevo Comit\u00e9 Ejecutivo.<\/p>\n<p>A excepci\u00f3n de la Asociaci\u00f3n de Santiago, cuyo presidente Crist\u00f3bal de Le\u00f3n no estuvo presidente por un problema de salud, los restantes 17 delegados y\/o presidentes de igual cantidad de asociaciones afiliadas a la Federaci\u00f3n de Pesas hicieron uso del derecho que les asiste de escoger a las autoridades de su instituci\u00f3n.<\/p>\n<p>Los delegados presidentes fueron Alexis Beltr\u00e9, de Azua; Jos\u00e9 Guerrero, Ban\u00ed; Jos\u00e9 Valenzuela, Barahona; Genaro Ravalo, Bonao; Ruddy Hern\u00e1ndez, Distrito Nacional; V\u00edctor Ventura, El Seibo, Julio Mej\u00eda, de La Romana; Popo Veras, por La vega y Juan Jim\u00e9nez, de la Asociaci\u00f3n de Moca.<\/p>\n<p>Asimismo, Daniel Vivieca, de Monte Plata; Isaac Toribio, de la Provincia Santo Domingo; Solanyi Mota, San Crist\u00f3bal, Frank Dur\u00e1n Guill\u00e9n, San Francisco de Macor\u00eds; C\u00e9sar Antonio P\u00e9rez Lebr\u00f3n, por San Juan de la Maguana; Reymundo Gantier, San Pedro de Macor\u00eds; Alderthy Santana, Santiago Rodr\u00edguez y Luis Disla, presidente de la Asociaci\u00f3n de Pesas de Mao.<\/p>\n","protected":false},"excerpt":{"rendered":"<p>SANTO DOMINGO. El licenciado William Ozuna fue reelecto como presidente de la Federaci\u00f3n Dominicana de Levantamiento de Pesas. Ozuna seguir\u00e1 presidiendo esa instituci\u00f3n luego de liderar una plancha de consenso durante el Asamblea Eleccionaria celebrada ayer en el Pabell\u00f3n de Halterofilia doctor Jos\u00e9 Joaqu\u00edn Puello, del Parque del Este. Fue electo con el voto de [&hellip;]<\/p>\n","protected":false},"author":9,"featured_media":48831,"comment_status":"closed","ping_status":"closed","sticky":false,"template":"","format":"standard","meta":[],"categories":[3,2,60],"tags":[],"acf":[],"_links":{"self":[{"href":"https:\/\/colimdo.org\/wp-api\/wp\/v2\/posts\/48830"}],"collection":[{"href":"https:\/\/colimdo.org\/wp-api\/wp\/v2\/posts"}],"about":[{"href":"https:\/\/colimdo.org\/wp-api\/wp\/v2\/types\/post"}],"author":[{"embeddable":true,"href":"https:\/\/colimdo.org\/wp-api\/wp\/v2\/users\/9"}],"replies":[{"embeddable":true,"href":"https:\/\/colimdo.org\/wp-api\/wp\/v2\/comments?post=48830"}],"version-history":[{"count":1,"href":"https:\/\/colimdo.org\/wp-api\/wp\/v2\/posts\/48830\/revisions"}],"predecessor-version":[{"id":48832,"href":"https:\/\/colimdo.org\/wp-api\/wp\/v2\/posts\/48830\/revisions\/48832"}],"wp:featuredmedia":[{"embeddable":true,"href":"https:\/\/colimdo.org\/wp-api\/wp\/v2\/media\/48831"}],"wp:attachment":[{"href":"https:\/\/colimdo.org\/wp-api\/wp\/v2\/media?parent=48830"}],"wp:term":[{"taxonomy":"category","embeddable":true,"href":"https:\/\/colimdo.org\/wp-api\/wp\/v2\/categories?post=48830"},{"taxonomy":"post_tag","embeddable":true,"href":"https:\/\/colimdo.org\/wp-api\/wp\/v2\/tags?post=48830"}],"curies":[{"name":"wp","href":"https:\/\/api.w.org\/{rel}","templated":true}]}}