{"id":48855,"date":"2019-02-18T11:00:24","date_gmt":"2019-02-18T11:00:24","guid":{"rendered":"https:\/\/colimdo.org\/?p=48855"},"modified":"2019-02-18T05:36:45","modified_gmt":"2019-02-18T05:36:45","slug":"bonetti-du-breil-gomez-la-decision-del-dirigente","status":"publish","type":"post","link":"https:\/\/colimdo.org\/noticias\/bonetti-du-breil-gomez-la-decision-del-dirigente\/","title":{"rendered":"Bonetti Du-Breil: \u201cEs de G\u00f3mez la decisi\u00f3n del dirigente\u201d"},"content":{"rendered":"<p><strong>SANTO DOMINGO.-<\/strong> El presidente de los Leones del Escogido, Jos\u00e9 Miguel Bonetti Du-Breil, indic\u00f3 que es el gerente general Jos\u00e9 G\u00f3mez Fr\u00edas quien tiene la decisi\u00f3n del dirigente del club para la temporada 2018-19.<\/p>\n<p>Los Leones concluyeron la campa\u00f1a 2018-19 con Jos\u00e9 Leger como timonel, tras la salida en el Round Robin de Luis Rojas, por compromisos con los Mets de Nueva York.<\/p>\n<p>\u201cEs de G\u00f3mez la decisi\u00f3n del dirigente. El plan era que Rojas siguiera y eso no se pudo. Entiendo que para este a\u00f1o tampoco se podr\u00e1. Leger hizo un gran trabajo y le hemos tenido en la mira para el puesto, pero la \u00faltima palabra es del gerente\u201d, dijo el ejecutivo.<\/p>\n<p>El ejecutivo compareci\u00f3 este domingo en el programa La Semana Deportiva, que produce el periodista H\u00e9ctor J. Cruz y que se transmite por CDN SportsMax.<\/p>\n<p>Durante el espacio, Bonetti Du-Breil resalt\u00f3 los avances del club en la temporada pasada, especialmente por identificar a jugadores j\u00f3venes de la liga que ayudar\u00e1n bastante a los rojos.<\/p>\n<p>\u201cNo quedo satisfecho por perder un juego extra por segundo a\u00f1o seguido, pero creo que haber visto en juego a gente como Iv\u00e1n Castillo, Luis Liberato y otros nos ayudan a desarrollar una base joven para el futuro\u201d, coment\u00f3.<\/p>\n<p>Asimismo, resalt\u00f3 el trabajo realizado por G\u00f3mez Fr\u00edas, quien estuvo en su primera experiencia al frente de la gerencia de Operaciones.<\/p>\n<p>\u201cTen\u00eda el reto de generar un buen ambiente en el camerino tras la salida de Mois\u00e9s Alou y lo logr\u00f3. Mantuvo la disciplina y la entrega que nos caracteriza en el Escogido\u201d, explic\u00f3.<\/p>\n<p><strong>Sobre LIDOM, Vitelio y el estadio Quisqueya<\/strong><\/p>\n<p>Bonetti Du-Breil indic\u00f3 sentirse satisfecho con la labor de Vitelio Mej\u00eda al frente de la Liga de B\u00e9isbol Profesional de la Rep\u00fablica Dominicana, defini\u00e9ndolo como una persona \u201cproactiva y que batalla con los problemas de frente\u201d.<\/p>\n<p>Tambi\u00e9n explic\u00f3 que se siente conforme con el centro de revisi\u00f3n de jugadas y el arbitraje de la LIDOM, aunque entiende que todav\u00eda se pueden mejorar algunas cosas, entre ellas acelerar las revisiones y mayor consistencia en la zona de strike.<\/p>\n<p>Sobre el Quisqueya, revel\u00f3 que este a\u00f1o se seguir\u00e1 mejorando el drenaje y que se pavimentar\u00e1 el \u00e1rea detr\u00e1s del jard\u00edn central para ampliar la cantidad de parqueos.<\/p>\n<p>&nbsp;<\/p>\n","protected":false},"excerpt":{"rendered":"<p>SANTO DOMINGO.- El presidente de los Leones del Escogido, Jos\u00e9 Miguel Bonetti Du-Breil, indic\u00f3 que es el gerente general Jos\u00e9 G\u00f3mez Fr\u00edas quien tiene la decisi\u00f3n del dirigente del club para la temporada 2018-19. Los Leones concluyeron la campa\u00f1a 2018-19 con Jos\u00e9 Leger como timonel, tras la salida en el Round Robin de Luis Rojas, [&hellip;]<\/p>\n","protected":false},"author":9,"featured_media":48856,"comment_status":"closed","ping_status":"closed","sticky":false,"template":"","format":"standard","meta":[],"categories":[2,60],"tags":[],"acf":[],"_links":{"self":[{"href":"https:\/\/colimdo.org\/wp-api\/wp\/v2\/posts\/48855"}],"collection":[{"href":"https:\/\/colimdo.org\/wp-api\/wp\/v2\/posts"}],"about":[{"href":"https:\/\/colimdo.org\/wp-api\/wp\/v2\/types\/post"}],"author":[{"embeddable":true,"href":"https:\/\/colimdo.org\/wp-api\/wp\/v2\/users\/9"}],"replies":[{"embeddable":true,"href":"https:\/\/colimdo.org\/wp-api\/wp\/v2\/comments?post=48855"}],"version-history":[{"count":1,"href":"https:\/\/colimdo.org\/wp-api\/wp\/v2\/posts\/48855\/revisions"}],"predecessor-version":[{"id":48857,"href":"https:\/\/colimdo.org\/wp-api\/wp\/v2\/posts\/48855\/revisions\/48857"}],"wp:featuredmedia":[{"embeddable":true,"href":"https:\/\/colimdo.org\/wp-api\/wp\/v2\/media\/48856"}],"wp:attachment":[{"href":"https:\/\/colimdo.org\/wp-api\/wp\/v2\/media?parent=48855"}],"wp:term":[{"taxonomy":"category","embeddable":true,"href":"https:\/\/colimdo.org\/wp-api\/wp\/v2\/categories?post=48855"},{"taxonomy":"post_tag","embeddable":true,"href":"https:\/\/colimdo.org\/wp-api\/wp\/v2\/tags?post=48855"}],"curies":[{"name":"wp","href":"https:\/\/api.w.org\/{rel}","templated":true}]}}