{"id":48865,"date":"2019-02-18T17:49:11","date_gmt":"2019-02-18T17:49:11","guid":{"rendered":"https:\/\/colimdo.org\/?p=48865"},"modified":"2019-02-18T17:49:31","modified_gmt":"2019-02-18T17:49:31","slug":"deury-corniel-encabeza-atletas-seran-premiados-gala-olimpica","status":"publish","type":"post","link":"https:\/\/colimdo.org\/noticias\/deury-corniel-encabeza-atletas-seran-premiados-gala-olimpica\/","title":{"rendered":"Deury Corniel encabeza atletas ser\u00e1n premiados en Gala Ol\u00edmpica"},"content":{"rendered":"<p><strong>SANTO DOMINGO.-<\/strong> El medallista ol\u00edmpico juvenil Deury Corniel Javier, junto a Priscila Rivera, Roberto Cid y Bernardo Pie, recibir\u00e1n estatuillas que les acredita como Atleta del A\u00f1o de sus respectivas federaciones, en el marco del ceremonial de la \u201cGran Gala Ol\u00edmpica\u201d que ser\u00e1 celebrada el mi\u00e9rcoles, 20 de febrero pr\u00f3ximo.<\/p>\n<p><span style=\"font-style: inherit; font-weight: inherit;\">Corniel Javier ganador de medallas de oro en los Juegos Ol\u00edmpicos de la Juventud celebrados en la ciudad de Buenos Aires, Argentina, ser\u00e1 premiado como atleta del a\u00f1o del deporte de vela, mientras que Rivera, integrante del seleccionado dominicano \u201cReinas del Caribe\u201d que gan\u00f3 su quinto oro seguido en Juegos Centroamericanos y del Caribe, en la versi\u00f3n de Barranquilla, ser\u00e1 galardonada como la mejor en la disciplina de voleibol, en tanto que Pie, medallista dorado en Barranquilla, recibir\u00e1 el premio al mejor atleta de taekwondo y Roberto Cid, quien obtuvo dos medallas doradas (en doble y por equipo) en Barranquilla, ha sido nominado para recibir el premio al Atleta del A\u00f1o en tenis.<\/span><\/p>\n<p><span style=\"font-style: inherit; font-weight: inherit;\">Otros atletas que ser\u00e1n premiados ser\u00e1n Cristian Guerrero Garc\u00eda, en canotaje; Yan Carlos Gonz\u00e1lez D\u00edaz, en softbol; Emil Jes\u00fas Santos Mena, en tenis de mesa; Josu\u00e9 Hern\u00e1ndez, en tiro de precisi\u00f3n; Julio Elizardo Dujarric Lembcke, en tiro al plato; Camila Romero Taveras, en triatl\u00f3n; Fernando Antonio Torres Cuevas, en Wushu; y Carlos Manuel Reynoso Ram\u00f3n, en paral\u00edmpico.<\/span><\/p>\n<p><span style=\"font-style: inherit; font-weight: inherit;\">La \u201cGran Gala Ol\u00edmpica\u201d del Comit\u00e9 Ol\u00edmpico Dominicano (COD) que ser\u00e1 celebrada el mi\u00e9rcoles, 20 de febrero pr\u00f3ximo, en el gran sal\u00f3n La Fiesta del Hotel Jaragua.<\/span><\/p>\n<p><span style=\"font-style: inherit; font-weight: inherit;\">La festividad iniciar\u00e1 a las 6:30 de la noche en el loby del hotel, con un coctel con los atletas, donde podr\u00e1n tomarse fotograf\u00edas y firmar aut\u00f3grafos con los deportistas, como pre\u00e1mbulo al inicio de la Gala que comenzar\u00e1 a las 7:30 de la noche para ser transmitida por televisi\u00f3n a toda la naci\u00f3n y al mundo.<\/span><\/p>\n<p><span style=\"font-style: inherit; font-weight: inherit;\">La \u201cGran Gala Ol\u00edmpica\u201d tendr\u00e1 como conductores a Yancen Pujols y Sussy Jim\u00e9nez y se efectuar\u00e1 en el Gran Sal\u00f3n La Fiesta del hotel Jaragua.<\/span><\/p>\n<p><span style=\"font-style: inherit; font-weight: inherit;\">Una nota de la Direcci\u00f3n de Prensa del COD informa que se ha preparado un gran show art\u00edstico como parte de la gran fiesta deportiva.<\/span><\/p>\n<p><span style=\"font-style: inherit; font-weight: inherit;\">La \u201cGran Gala Ol\u00edmpica\u201d es la principal fiesta deportiva del deporte dominicano, donde se premian a los atletas que m\u00e1s trascendieron durante el pasado a\u00f1o, tambi\u00e9n se aprovecha la ocasi\u00f3n para reconocer a instituciones y personalidades que han ofrecido un servicio al deporte del pa\u00eds. El evento cuenta con el respaldo del Ministerio de Deportes y la Cervecer\u00eda Nacional Dominicana.<\/span><\/p>\n","protected":false},"excerpt":{"rendered":"<p>El medallista ol\u00edmpico juvenil Deury Corniel Javier, junto a Priscila Rivera, Roberto Cid y Bernardo Pie, recibir\u00e1n estatuillas en la \u201cGran Gala Ol\u00edmpica\u201d.<\/p>\n","protected":false},"author":13,"featured_media":48866,"comment_status":"closed","ping_status":"closed","sticky":false,"template":"","format":"standard","meta":[],"categories":[2],"tags":[],"acf":[],"_links":{"self":[{"href":"https:\/\/colimdo.org\/wp-api\/wp\/v2\/posts\/48865"}],"collection":[{"href":"https:\/\/colimdo.org\/wp-api\/wp\/v2\/posts"}],"about":[{"href":"https:\/\/colimdo.org\/wp-api\/wp\/v2\/types\/post"}],"author":[{"embeddable":true,"href":"https:\/\/colimdo.org\/wp-api\/wp\/v2\/users\/13"}],"replies":[{"embeddable":true,"href":"https:\/\/colimdo.org\/wp-api\/wp\/v2\/comments?post=48865"}],"version-history":[{"count":1,"href":"https:\/\/colimdo.org\/wp-api\/wp\/v2\/posts\/48865\/revisions"}],"predecessor-version":[{"id":48867,"href":"https:\/\/colimdo.org\/wp-api\/wp\/v2\/posts\/48865\/revisions\/48867"}],"wp:featuredmedia":[{"embeddable":true,"href":"https:\/\/colimdo.org\/wp-api\/wp\/v2\/media\/48866"}],"wp:attachment":[{"href":"https:\/\/colimdo.org\/wp-api\/wp\/v2\/media?parent=48865"}],"wp:term":[{"taxonomy":"category","embeddable":true,"href":"https:\/\/colimdo.org\/wp-api\/wp\/v2\/categories?post=48865"},{"taxonomy":"post_tag","embeddable":true,"href":"https:\/\/colimdo.org\/wp-api\/wp\/v2\/tags?post=48865"}],"curies":[{"name":"wp","href":"https:\/\/api.w.org\/{rel}","templated":true}]}}