{"id":48868,"date":"2019-02-18T19:17:52","date_gmt":"2019-02-18T19:17:52","guid":{"rendered":"https:\/\/colimdo.org\/?p=48868"},"modified":"2019-02-18T19:17:52","modified_gmt":"2019-02-18T19:17:52","slug":"toros-del-este-renovaron-contrato-gerente-raymond-abreu","status":"publish","type":"post","link":"https:\/\/colimdo.org\/noticias\/toros-del-este-renovaron-contrato-gerente-raymond-abreu\/","title":{"rendered":"Toros del Este renovaron el contrato de su gerente Raymond Abreu"},"content":{"rendered":"<p>La Junta Directiva de los Toros del Este anunci\u00f3 la renovaci\u00f3n contractual por dos a\u00f1os de Raymond Abreu como gerente general del equipo, quien desde ya est\u00e1 inmerso en los planes de trabajo para la temporada 2019-2020.<\/p>\n<p>La informaci\u00f3n fue confirmada por Luis Emilio Rodr\u00edguez, presidente de la franquicia romanense, quien expres\u00f3 satisfacci\u00f3n por el nivel de desempe\u00f1o que logr\u00f3 el equipo esta pasada temporada.<\/p>\n<p>\u201cTanto nuestra organizaci\u00f3n como toda la fanaticada de La Romana est\u00e1 muy a gusto con el trabajo realizado por Raymond y su staff de Operaciones de B\u00e9isbol. Lograron conformar un roster de jugadores y un cuerpo t\u00e9cnico muy bien estructurado que nos llev\u00f3 a competir con altura hasta la Serie Final.\u201d enfatiz\u00f3 Rodr\u00edguez.<\/p>\n<p>Abreu indic\u00f3 que aprovechar\u00e1n lo aprendido en la campa\u00f1a anterior para conseguir la tercera corona de la franquicia naranja.<\/p>\n<p>\u201cLa experiencia de la temporada pasada de nuestros guerreros en el terreno y dentro de la oficina me hizo identificarme con lo que hoy en d\u00eda es la familia Toro del Este. El trabajo de continuidad con la mente puesta en la gran fanaticada de La Romana seguir\u00e1 siendo nuestra filosof\u00eda.<\/p>\n<p>En su primera temporada a la cabeza de los Toros, Abreu clasific\u00f3 al club al Round Robin jugando para .500 por primera vez en las \u00faltimas seis temporadas, los avanz\u00f3 a la Final por vez primera desde la campa\u00f1a 2010-11 y por quinta ocasi\u00f3n en la historia de la franquicia.<\/p>\n<p>\u201cLo \u00fanico que podemos prometer es que volveremos a tener un equipo competitivo, ya estamos inmersos en la estructuraci\u00f3n del club para la pr\u00f3xima temporada,\u201d dijo el gerente general naranja.<\/p>\n<p>Igualmente, Abreu dijo que se estar\u00e1 restructurando el cuerpo de Operaciones de B\u00e9isbol, aunque adelant\u00f3 que Arturo DeFreites regresa a las oficinas como parte de ese grupo, tal y como era el plan para la campa\u00f1a anterior.<\/p>\n<p>Ya las entrevistas para un nuevo dirigente iniciaron y en los pr\u00f3ximos d\u00edas se podr\u00eda estar anunciando el nuevo capataz taurino.<\/p>\n","protected":false},"excerpt":{"rendered":"<p>La Junta Directiva de los Toros del Este anunci\u00f3 la renovaci\u00f3n contractual por dos a\u00f1os de Raymond Abreu como gerente general del equipo, quien desde ya est\u00e1 inmerso en los planes de trabajo para la temporada 2019-2020. La informaci\u00f3n fue confirmada por Luis Emilio Rodr\u00edguez, presidente de la franquicia romanense, quien expres\u00f3 satisfacci\u00f3n por el [&hellip;]<\/p>\n","protected":false},"author":9,"featured_media":48869,"comment_status":"closed","ping_status":"closed","sticky":false,"template":"","format":"standard","meta":[],"categories":[2,60],"tags":[],"acf":[],"_links":{"self":[{"href":"https:\/\/colimdo.org\/wp-api\/wp\/v2\/posts\/48868"}],"collection":[{"href":"https:\/\/colimdo.org\/wp-api\/wp\/v2\/posts"}],"about":[{"href":"https:\/\/colimdo.org\/wp-api\/wp\/v2\/types\/post"}],"author":[{"embeddable":true,"href":"https:\/\/colimdo.org\/wp-api\/wp\/v2\/users\/9"}],"replies":[{"embeddable":true,"href":"https:\/\/colimdo.org\/wp-api\/wp\/v2\/comments?post=48868"}],"version-history":[{"count":1,"href":"https:\/\/colimdo.org\/wp-api\/wp\/v2\/posts\/48868\/revisions"}],"predecessor-version":[{"id":48870,"href":"https:\/\/colimdo.org\/wp-api\/wp\/v2\/posts\/48868\/revisions\/48870"}],"wp:featuredmedia":[{"embeddable":true,"href":"https:\/\/colimdo.org\/wp-api\/wp\/v2\/media\/48869"}],"wp:attachment":[{"href":"https:\/\/colimdo.org\/wp-api\/wp\/v2\/media?parent=48868"}],"wp:term":[{"taxonomy":"category","embeddable":true,"href":"https:\/\/colimdo.org\/wp-api\/wp\/v2\/categories?post=48868"},{"taxonomy":"post_tag","embeddable":true,"href":"https:\/\/colimdo.org\/wp-api\/wp\/v2\/tags?post=48868"}],"curies":[{"name":"wp","href":"https:\/\/api.w.org\/{rel}","templated":true}]}}